{"id":9572,"date":"2024-04-05T11:37:11","date_gmt":"2024-04-05T09:37:11","guid":{"rendered":"https:\/\/www.lamapoll.de\/blog\/?p=9572"},"modified":"2024-04-05T11:38:01","modified_gmt":"2024-04-05T09:38:01","slug":"spende-des-monats-geht-an-kinder-und-jugendhilfe-des-ejf","status":"publish","type":"post","link":"https:\/\/www.lamapoll.de\/blog\/spende-des-monats-geht-an-kinder-und-jugendhilfe-des-ejf\/","title":{"rendered":"Spende des Monats geht an Kinder- und Jugendhilfe des EJF"},"content":{"rendered":"\n<p>Die <a href=\"https:\/\/www.lamapoll.de\/blog\/category\/spende-des-monats\/\">Spende des Monats<\/a> April kommt den Projekten der Kinder- und Jugendhilfe des Evangelischen Jugend- und F\u00fcrsorgewerks zugute. Das <a href=\"https:\/\/www.ejf.de\/\" target=\"_blank\" rel=\"noreferrer noopener\">EJF<\/a> ist ein christlich gepr\u00e4gtes, gemeinn\u00fctziges Unternehmen der Sozialwirtschaft mit Sitz in Berlin, das bundesweit Hilfsangebote schafft. Dass die <a href=\"https:\/\/www.lamapoll.de\/\" target=\"_blank\" rel=\"noreferrer noopener\">LamaPoll<\/a>-Spende in H\u00f6he von 1000\u20ac insbesondere der Jugendhilfe des EJF zugutekommen soll, hat unser Azubi Travers entschieden. Weshalb er dieses Arbeitsfeld des EJF ausgew\u00e4hlt hat, erfahrt Ihr in diesem Blog-Beitrag.<\/p>\n\n\n\n<p><strong>An wen geht deine Spende?<\/strong><br>An das Evangelische Jugend- und F\u00fcrsorgewerk (EJF).<\/p>\n\n\n\n<p><strong>Was ist der Zweck des EJF?<\/strong><br>Das EJF ist ein bundesweit t\u00e4tiges, christlich gepr\u00e4gtes Unternehmen der Sozialwirtschaft. Es schafft Hilfe f\u00fcr Menschen aller Altersgruppen und Glaubensrichtungen, die eine besondere pers\u00f6nliche und soziale Zuwendung brauchen. Das EJF entwickelt und betreibt ambulante und station\u00e4re Angebote f\u00fcr Menschen mit Behinderung, f\u00fcr Kinder, Jugendliche und Familien, f\u00fcr wohnungslose und gefl\u00fcchtete Menschen, f\u00fcr Seniorinnen und Senioren. Zum EJF geh\u00f6ren au\u00dferdem Einrichtungen der Kindertagesbetreuung, Beratungs- und Bildungsarbeit sowie Integrationsunternehmen.<\/p>\n\n\n\n<p><strong>Warum geht deine Spende dorthin?<\/strong><br>Das EJF bietet eine breite Palette von sozialen Dienstleistungen f\u00fcr Menschen in Notlagen an, darunter Kinder und Jugendliche, Familien, \u00e4ltere Menschen sowie Menschen mit Behinderungen. Durch meine Spende erhoffe ich mir, dass diese Programme und Dienstleistungen weiterhin bereitgestellt und verbessert werden.<\/p>\n\n\n\n<p><strong>Wof\u00fcr wird die Spende verwendet?<\/strong><br>Die Spende wird daf\u00fcr verwendet, Kinder und Jugendliche in schwierigen Lebensphasen zu unterst\u00fctzen.<\/p>\n\n\n\n<p><strong>Hat\u2019s Spa\u00df gemacht zu spenden?<\/strong><br>Definitiv. Die M\u00f6glichkeit zu haben, sich mit mehreren Hilfsorganisationen auseinanderzusetzen, sich f\u00fcr eine, die einem pers\u00f6nlich wichtig ist, zu entscheiden und diese dann auch noch mit einer gr\u00f6\u00dferen Spende unterst\u00fctzen zu k\u00f6nnen, ist ein super Gef\u00fchl.<\/p>\n\n\n\n<p><strong>Was h\u00e4ltst du von der Aktion \u201eSpende des Monats\u201c?<\/strong><br>Ich halte die Aktion f\u00fcr eine tolle Idee.<\/p>\n","protected":false},"excerpt":{"rendered":"<p>Die Spende des Monats April kommt den Projekten der Kinder- und Jugendhilfe des Evangelischen Jugend- und F\u00fcrsorgewerks zugute. Das EJF ist ein christlich gepr\u00e4gtes, gemeinn\u00fctziges Unternehmen der Sozialwirtschaft mit Sitz in Berlin, das bundesweit Hilfsangebote schafft. Dass die LamaPoll-Spende in H\u00f6he von 1000\u20ac insbesondere der Jugendhilfe des EJF zugutekommen soll, hat unser Azubi Travers entschieden. [&hellip;]<\/p>\n","protected":false},"author":1,"featured_media":9576,"comment_status":"open","ping_status":"open","sticky":false,"template":"","format":"standard","meta":{"footnotes":""},"categories":[1,1628],"tags":[1624,1627,1626],"class_list":["post-9572","post","type-post","status-publish","format-standard","has-post-thumbnail","hentry","category-feedbackmanagement","category-spende-des-monats","tag-lamapoll-unternehmensspende","tag-mitarbeiter-spenden-fuer-gute-zwecke","tag-spendenaktion"],"_links":{"self":[{"href":"https:\/\/www.lamapoll.de\/blog\/wp-json\/wp\/v2\/posts\/9572","targetHints":{"allow":["GET"]}}],"collection":[{"href":"https:\/\/www.lamapoll.de\/blog\/wp-json\/wp\/v2\/posts"}],"about":[{"href":"https:\/\/www.lamapoll.de\/blog\/wp-json\/wp\/v2\/types\/post"}],"author":[{"embeddable":true,"href":"https:\/\/www.lamapoll.de\/blog\/wp-json\/wp\/v2\/users\/1"}],"replies":[{"embeddable":true,"href":"https:\/\/www.lamapoll.de\/blog\/wp-json\/wp\/v2\/comments?post=9572"}],"version-history":[{"count":20,"href":"https:\/\/www.lamapoll.de\/blog\/wp-json\/wp\/v2\/posts\/9572\/revisions"}],"predecessor-version":[{"id":9631,"href":"https:\/\/www.lamapoll.de\/blog\/wp-json\/wp\/v2\/posts\/9572\/revisions\/9631"}],"wp:featuredmedia":[{"embeddable":true,"href":"https:\/\/www.lamapoll.de\/blog\/wp-json\/wp\/v2\/media\/9576"}],"wp:attachment":[{"href":"https:\/\/www.lamapoll.de\/blog\/wp-json\/wp\/v2\/media?parent=9572"}],"wp:term":[{"taxonomy":"category","embeddable":true,"href":"https:\/\/www.lamapoll.de\/blog\/wp-json\/wp\/v2\/categories?post=9572"},{"taxonomy":"post_tag","embeddable":true,"href":"https:\/\/www.lamapoll.de\/blog\/wp-json\/wp\/v2\/tags?post=9572"}],"curies":[{"name":"wp","href":"https:\/\/api.w.org\/{rel}","templated":true}]}}