{"id":8533,"date":"2023-12-12T14:50:45","date_gmt":"2023-12-12T12:50:45","guid":{"rendered":"https:\/\/www.lamapoll.de\/blog\/?p=8533"},"modified":"2023-12-12T14:57:32","modified_gmt":"2023-12-12T12:57:32","slug":"spende-des-monats-an-kaeltehilfe-strassenkinder-und-schenk-doch-mal-ein-laecheln","status":"publish","type":"post","link":"https:\/\/www.lamapoll.de\/blog\/spende-des-monats-an-kaeltehilfe-strassenkinder-und-schenk-doch-mal-ein-laecheln\/","title":{"rendered":"Spende des Monats an Berliner K\u00e4ltehilfe, Stra\u00dfenkinder e.V. und Schenk doch mal ein L\u00e4cheln"},"content":{"rendered":"\n<p>Zum Abschluss des Jahres gibt es die etwas andere <a href=\"https:\/\/www.lamapoll.de\/blog\/category\/spende-des-monats\/\" target=\"_blank\" rel=\"noreferrer noopener\">Spende des Monats<\/a>: W\u00e4hrend in den vergangenen elf Monaten <a href=\"https:\/\/www.lamapoll.de\/\" target=\"_blank\" rel=\"noreferrer noopener\">LamaPoll<\/a>-Mitarbeitende jeweils abwechselnd entscheiden durften, welche gemeinn\u00fctzige Berliner Organisation eine Sach- oder Geldspende erh\u00e4lt, gibt es im Dezember eine gemeinsame Spende aller Mitarbeitenden. Und damit wir&#8217;s zum Jahresabschluss so richtig sch\u00f6n krachen lassen k\u00f6nnen, hat uns die Gesch\u00e4ftsf\u00fchrung insgesamt 2000\u20ac zur Verf\u00fcgung gestellt. <\/p>\n\n\n\n<p>Die Entscheidung dar\u00fcber, an welche Organisation(en) in welcher H\u00f6he gespendet werden soll, wurde mithilfe einer anonymen Mitarbeiterbefragung getroffen. Zur Wahl standen gemeinn\u00fctzige Berliner Initiativen, von denen der Erstplatzierte nun 1000 \u20ac erh\u00e4lt, die beiden Vereine auf den folgenden Pl\u00e4tzen jeweils 500\u20ac. \u00dcberraschenderweise gab es bei der Abstimmung neben dem eindeutigen Gewinner \u00fcbrigens tats\u00e4chlich zwei Zweitplatzierte, die exakt dieselbe Anzahl an Stimmen f\u00fcr sich verbuchen konnten.<\/p>\n\n\n\n<p>Auf dem Sieger-Treppchen gelandet sind folgende Spendenempf\u00e4nger: <\/p>\n\n\n\n<p>1. Berliner K\u00e4ltehilfe<br>2. Stra\u00dfenkinder e.V.<br>2. Schenk doch mal ein L\u00e4cheln e.V.<\/p>\n\n\n\n<p>Die 12. &#8222;Spende des Monats&#8220; kommt also gleich drei Berliner Initiativen zugute, die sich f\u00fcr sozial und gesellschaftlich benachteiligte Menschen einsetzen: <\/p>\n\n\n\n<ul class=\"wp-block-list\">\n<li>1000\u20ac gehen an die <a href=\"https:\/\/kaeltehilfe-berlin.de\/\" target=\"_blank\" rel=\"noreferrer noopener\">Berliner K\u00e4ltehilfe<\/a>, die obdachlosen Menschen w\u00e4hrend des Winters Unterkunft, warme Mahlzeiten und Kleidung bietet. Zahlreiche Kirchengemeinden, Verb\u00e4nde, Vereine und Initiativen beteiligen sich jeweils mit eigenen Angeboten am K\u00e4ltehilfeprogramm (z. B. mit Not\u00fcbernachtungen, Nachtcaf\u00e9s, Suppenk\u00fcchen und Treffpunkten).<\/li>\n\n\n\n<li>500\u20ac kommen dem <a href=\"https:\/\/strassenkinder-ev.de\/\" target=\"_blank\" rel=\"noreferrer noopener\">Stra\u00dfenkinder e.V.<\/a> zugute, der Kinder und Jugendliche ohne festen Wohnsitz unterst\u00fctzt. Der gemeinn\u00fctzige Verein holt Kinder von der Stra\u00dfe, bietet Unterkunft, Bildung und soziale Betreuung. Neben Geldspenden ben\u00f6tigt der Stra\u00dfenkinder e.V. auch Sachspenden, die auf einer <a href=\"https:\/\/www.amazon.de\/hz\/wishlist\/ls\/1AOQ3WPNMNDJY?ref_=wl_share\" target=\"_blank\" rel=\"noreferrer noopener\">Amazon-Wunschliste<\/a> eingesehen werden k\u00f6nnen.  <\/li>\n\n\n\n<li>Ebenfalls 500\u20ac erh\u00e4lt der Verein <a href=\"https:\/\/sdmel.de\/\" target=\"_blank\" rel=\"noreferrer noopener\">Schenk doch mal ein L\u00e4cheln<\/a>, der sich mit seiner <a href=\"https:\/\/sdmel.de\/wunschbaum-2023\/\" target=\"_blank\" rel=\"noreferrer noopener\">Wunschbaum-Aktion<\/a> daf\u00fcr einsetzt, Kinderw\u00fcnsche zu erf\u00fcllen und Familien in schwierigen Situationen zu unterst\u00fctzen. Dar\u00fcber hinaus organisiert der Verein auch andere Spenden- und Geschenkaufrufe f\u00fcr Menschen, die von Armut, Obdachlosigkeit oder Krankheit betroffen sind.<\/li>\n<\/ul>\n\n\n\n<p>Wir freuen uns, diese gesellschaftlich relevanten Akteure mit einem kleinen Beitrag unterst\u00fctzen zu k\u00f6nnen, und werden die monatliche Spendenaktion nat\u00fcrlich auch im kommenden Jahr fortf\u00fchren.<\/p>\n\n\n\n<figure class=\"wp-block-image size-large\"><a href=\"https:\/\/www.lamapoll.de\/blog\/wp-content\/uploads\/2023\/12\/Abstimmungsgrafik.png\"><img loading=\"lazy\" decoding=\"async\" width=\"1024\" height=\"369\" src=\"https:\/\/www.lamapoll.de\/blog\/wp-content\/uploads\/2023\/12\/Abstimmungsgrafik-1024x369.png\" alt=\"\" class=\"wp-image-8689\" srcset=\"https:\/\/www.lamapoll.de\/blog\/wp-content\/uploads\/2023\/12\/Abstimmungsgrafik-1024x369.png 1024w, https:\/\/www.lamapoll.de\/blog\/wp-content\/uploads\/2023\/12\/Abstimmungsgrafik-300x108.png 300w, https:\/\/www.lamapoll.de\/blog\/wp-content\/uploads\/2023\/12\/Abstimmungsgrafik-768x277.png 768w, https:\/\/www.lamapoll.de\/blog\/wp-content\/uploads\/2023\/12\/Abstimmungsgrafik.png 1388w\" sizes=\"auto, (max-width: 1024px) 100vw, 1024px\" \/><\/a><figcaption class=\"wp-element-caption\"><em>Abb.: Abstimmungsergebnis zur &#8222;Spende des Monats&#8220;<\/em><\/figcaption><\/figure>\n\n\n\n<p><\/p>\n\n\n\n<p><\/p>\n","protected":false},"excerpt":{"rendered":"<p>Zum Abschluss des Jahres gibt es die etwas andere Spende des Monats: W\u00e4hrend in den vergangenen elf Monaten LamaPoll-Mitarbeitende jeweils abwechselnd entscheiden durften, welche gemeinn\u00fctzige Berliner Organisation eine Sach- oder Geldspende erh\u00e4lt, gibt es im Dezember eine gemeinsame Spende aller Mitarbeitenden. Und damit wir&#8217;s zum Jahresabschluss so richtig sch\u00f6n krachen lassen k\u00f6nnen, hat uns die [&hellip;]<\/p>\n","protected":false},"author":1,"featured_media":8403,"comment_status":"open","ping_status":"open","sticky":false,"template":"","format":"standard","meta":{"footnotes":""},"categories":[1,1628],"tags":[1625,1624,1627,1639],"class_list":["post-8533","post","type-post","status-publish","format-standard","has-post-thumbnail","hentry","category-feedbackmanagement","category-spende-des-monats","tag-lamapoll-firmenspende","tag-lamapoll-unternehmensspende","tag-mitarbeiter-spenden-fuer-gute-zwecke","tag-spende-des-monats"],"_links":{"self":[{"href":"https:\/\/www.lamapoll.de\/blog\/wp-json\/wp\/v2\/posts\/8533","targetHints":{"allow":["GET"]}}],"collection":[{"href":"https:\/\/www.lamapoll.de\/blog\/wp-json\/wp\/v2\/posts"}],"about":[{"href":"https:\/\/www.lamapoll.de\/blog\/wp-json\/wp\/v2\/types\/post"}],"author":[{"embeddable":true,"href":"https:\/\/www.lamapoll.de\/blog\/wp-json\/wp\/v2\/users\/1"}],"replies":[{"embeddable":true,"href":"https:\/\/www.lamapoll.de\/blog\/wp-json\/wp\/v2\/comments?post=8533"}],"version-history":[{"count":80,"href":"https:\/\/www.lamapoll.de\/blog\/wp-json\/wp\/v2\/posts\/8533\/revisions"}],"predecessor-version":[{"id":8706,"href":"https:\/\/www.lamapoll.de\/blog\/wp-json\/wp\/v2\/posts\/8533\/revisions\/8706"}],"wp:featuredmedia":[{"embeddable":true,"href":"https:\/\/www.lamapoll.de\/blog\/wp-json\/wp\/v2\/media\/8403"}],"wp:attachment":[{"href":"https:\/\/www.lamapoll.de\/blog\/wp-json\/wp\/v2\/media?parent=8533"}],"wp:term":[{"taxonomy":"category","embeddable":true,"href":"https:\/\/www.lamapoll.de\/blog\/wp-json\/wp\/v2\/categories?post=8533"},{"taxonomy":"post_tag","embeddable":true,"href":"https:\/\/www.lamapoll.de\/blog\/wp-json\/wp\/v2\/tags?post=8533"}],"curies":[{"name":"wp","href":"https:\/\/api.w.org\/{rel}","templated":true}]}}