{"id":8064,"date":"2023-12-13T16:57:14","date_gmt":"2023-12-13T14:57:14","guid":{"rendered":"https:\/\/www.lamapoll.de\/blog\/?p=8064"},"modified":"2024-01-17T18:12:59","modified_gmt":"2024-01-17T16:12:59","slug":"spende-des-monats-feedback-vom-kinderbauernhof-im-goerli","status":"publish","type":"post","link":"https:\/\/www.lamapoll.de\/blog\/spende-des-monats-feedback-vom-kinderbauernhof-im-goerli\/","title":{"rendered":"Spende des Monats: Feedback vom Kinderbauernhof im G\u00f6rli"},"content":{"rendered":"\n<p>Eine der Spenden, die wir im November vergeben haben, kam dem <a href=\"https:\/\/www.kinderbauernhofberlin.de\/\" target=\"_blank\" rel=\"noreferrer noopener\">Kinderbauernhof<\/a> im G\u00f6rlitzer Park zugute. Und weil wir gern mehr \u00fcber das Hofleben, die Angebote und die Arbeit des Vereins wissen wollten, haben wir einfach mal nachgefragt. Vor Kurzem haben wir nun Feedback bekommen und freuen uns sehr, dass sich das Team des Kinderbauernhofs die Zeit genommen hat, unsere Fragen ausf\u00fchrlich zu beantworten. Dadurch haben wir nicht nur erfahren, dass unsere <a href=\"https:\/\/www.lamapoll.de\/blog\/category\/spende-des-monats\/\" target=\"_blank\" rel=\"noreferrer noopener\">Spende des Monats<\/a> zur Erneuerung eines Au\u00dfengeheges f\u00fcr die G\u00e4nse, Enten und Perlh\u00fchner verwendet wird, sondern auch, welche Sachspenden auf dem Hof willkommen sind. Das ausf\u00fchrliche Feedback mit interessanten Infos rund um den KBH lest ihr hier:<\/p>\n\n\n\n<p><strong>Was macht Ihren Kinderbauernhof aus?<\/strong><br>Wir sind ein gemeinn\u00fctziger Verein der Offenen Kinder- und Jugendarbeit, welcher bereits seit \u00fcber 40 Jahren besteht. Der Schwerpunkt unserer Arbeit liegt darin, Kindern und Jugendlichen den Zugang zu einem naturnahen Raum in einer Gro\u00dfstadt zu erm\u00f6glichen. Dabei stehen der Umgang mit Tieren,<br>Pflanzen, der nat\u00fcrlichen Umwelt und Handwerk im Vordergrund. Im Gegensatz zur Schule oder Hort, kommen die Kinder freiwillig und sollen sich und ihre Interessen frei austesten k\u00f6nnen.<br>Es gibt Kinder (sog. Stammkinder), die den Hof besonders h\u00e4ufig besuchen. Die Stammkinder kennen den Hof, die Tiere und alle MitarbeiterInnen sehr gut. Sie nehmen bspw. an einem Kinderplenum und Ausfl\u00fcgen teil, sie haben Pflegetiere und gestalten den Alltag auf dem Hof mit. Als absolutes Highlight im Jahr bieten wir den Stammkindern eine Ferienreise in den Sommerferien an.<br>Wir sind eine Begegnungsst\u00e4tte im sozialen Raum, BesucherInnen k\u00f6nnen uns fast t\u00e4glich besuchen und an unseren Festen oder Flohm\u00e4rkten teilnehmen.<\/p>\n\n\n\n<p><strong>D\u00fcrfen die Tiere gestreichelt\/gef\u00fcttert werden?<\/strong><br>Ja, unsere Tiere k\u00f6nnen von BesucherInnen zu bestimmten Zeiten gef\u00fcttert werden. Es gibt sogenannte Futtert\u00fcten, die solange der Vorrat reicht, an unsere Schafe und Ziegen verf\u00fcttert werden k\u00f6nnen. Nach Absprache k\u00f6nnen auch mitgebrachte Gem\u00fcsesorten verf\u00fcttert werden.<br>Wir bieten bestimmte Tier-AG\u00b4s an, in denen die teilnehmenden Kinder die Tiere des Hofes gut kennenlernen k\u00f6nnen.<br>Unsere Stammkinder sind t\u00e4glich im Kontakt mit unseren Tieren und z.T. bei deren Pflege und Versorgung beteiligt.<\/p>\n\n\n\n<p><strong>Ist der Hof auch im Winter ge\u00f6ffnet?<\/strong><br>Ja, der Hof hat bis auf die gesetzlichen Feiertage und einer Schlie\u00dfwoche zwischen Weihnachten und Neujahr, ganzj\u00e4hrig ge\u00f6ffnet. An den Schlie\u00dftagen \u00fcbernehmen wir nat\u00fcrlich dennoch die Pflege und Versorgung der Tiere.<\/p>\n\n\n\n<p><strong>Ist die Finanzierung des Kinderbauernhofes langfristig gesichert?<\/strong><br>Aktuell gibt es eine gesicherte Finanzierung \u00fcber das Bezirksamt Berlin Friedrichshain\/Kreuzberg und den Verein MUT e.V. (Mensch- Umwelt- Tier). Doch auch wir k\u00f6nnen jederzeit mit finanziellen K\u00fcrzungen konfrontiert sein.<\/p>\n\n\n\n<p><strong>Suchen Sie ehrenamtliche HelferInnen?<\/strong><br>Aktuell besch\u00e4ftigen wir keine Ehrenamtlichen, da wir das ganze Jahr \u00fcber PraktikantInnen in unsere Arbeit einbinden. Das k\u00f6nnen Sch\u00fclerpraktikantInnen im Tierbereich oder h\u00e4ufig auch Auszubildende (ErzieherInnen, TierpflegerInnen) sein. Zudem werden wir ganzj\u00e4hrig von 2 F\u00d6J\u00b4lerInnen (freiwilliges \u00f6kologisches Jahr) unterst\u00fctzt.<\/p>\n\n\n\n<p><strong>Gibt es Materialien oder Sachspenden, die Sie dringend ben\u00f6tigen?<\/strong><br>Wir freuen uns immer \u00fcber Spenden wie <a href=\"https:\/\/www.kinderbauernhofberlin.de\/post\/futterspenden-f%C3%BCr-unsere-tiere\" target=\"_blank\" rel=\"noreferrer noopener\">Futtermittel f\u00fcr die Tiere<\/a> (Obst und Gem\u00fcse wie Karotten, Salat, \u00c4pfel, Gurken\u2026). <br>Wir haben immer einen riesigen Schwund an unseren Garten- bzw. Stallger\u00e4ten (Harken f\u00fcr die Kinder, Schubkarren, Gummistiefel, Spaten usw.). Auch Sportger\u00e4te, wie Fussb\u00e4lle, Volleyb\u00e4lle, Tischtennisschl\u00e4ger halten meist nicht lang bei uns. \ud83d\ude09 <\/p>\n\n\n\n<p><strong>Wissen Sie schon, wof\u00fcr Sie die Lamapoll Spende verwenden werden?<\/strong><br>Ja, denn in jedem Jahr m\u00fcssen wir leider mit dem Ausbruch der Vogelgrippe rechnen, was gleichzeitig bedeutet, das unsere Gefl\u00fcgeltiere \u201eaufgestallt\u201c werden m\u00fcssen. Da wir den Tieren dennoch einen Au\u00dfenbereich w\u00e4hrend der zum Teil monatelangen Stallpflicht zur Verf\u00fcgung stellen m\u00f6chten, haben wir einen abgetrennten Au\u00dfenbereich gebaut (mit Netzen, damit keine Wildv\u00f6gel Kontakt zu unseren Gefl\u00fcgeltieren haben k\u00f6nnen). Leider ist dieses Gehege im letzten Jahr durch Sturm und Starkregen ramponiert und wir brauchen daher dringend ein neues, stabileres und im besten Fall gr\u00f6\u00dferes Gehege f\u00fcr unsere Enten, G\u00e4nse und Perlh\u00fchner. <\/p>\n\n\n\n<div class=\"wp-block-columns is-layout-flex wp-container-core-columns-is-layout-9d6595d7 wp-block-columns-is-layout-flex\">\n<div class=\"wp-block-column is-layout-flow wp-block-column-is-layout-flow\">\n<figure class=\"wp-block-image size-full is-resized\"><a href=\"https:\/\/www.lamapoll.de\/blog\/wp-content\/uploads\/2023\/10\/Kinderbauernhof-Goerlitzer-Park-2-3.png\"><img loading=\"lazy\" decoding=\"async\" width=\"268\" height=\"224\" src=\"https:\/\/www.lamapoll.de\/blog\/wp-content\/uploads\/2023\/10\/Kinderbauernhof-Goerlitzer-Park-2-3.png\" alt=\"\" class=\"wp-image-8078\" style=\"width:277px;height:231px\"\/><\/a><\/figure>\n<\/div>\n\n\n\n<div class=\"wp-block-column is-layout-flow wp-block-column-is-layout-flow\">\n<figure class=\"wp-block-image size-full is-resized\"><a href=\"https:\/\/www.lamapoll.de\/blog\/wp-content\/uploads\/2023\/10\/Kinderbauernhof-Goerlitzer-Park-4-1.png\"><img loading=\"lazy\" decoding=\"async\" width=\"362\" height=\"299\" src=\"https:\/\/www.lamapoll.de\/blog\/wp-content\/uploads\/2023\/10\/Kinderbauernhof-Goerlitzer-Park-4-1.png\" alt=\"\" class=\"wp-image-8079\" style=\"width:279px;height:231px\" srcset=\"https:\/\/www.lamapoll.de\/blog\/wp-content\/uploads\/2023\/10\/Kinderbauernhof-Goerlitzer-Park-4-1.png 362w, https:\/\/www.lamapoll.de\/blog\/wp-content\/uploads\/2023\/10\/Kinderbauernhof-Goerlitzer-Park-4-1-300x248.png 300w\" sizes=\"auto, (max-width: 362px) 100vw, 362px\" \/><\/a><\/figure>\n<\/div>\n\n\n\n<div class=\"wp-block-column is-layout-flow wp-block-column-is-layout-flow\">\n<figure class=\"wp-block-image size-full is-resized\"><a href=\"https:\/\/www.lamapoll.de\/blog\/wp-content\/uploads\/2023\/10\/Kinderbauernhof-Goerlitzer-Park-5.png\"><img loading=\"lazy\" decoding=\"async\" width=\"280\" height=\"349\" src=\"https:\/\/www.lamapoll.de\/blog\/wp-content\/uploads\/2023\/10\/Kinderbauernhof-Goerlitzer-Park-5.png\" alt=\"\" class=\"wp-image-8088\" style=\"width:185px;height:231px\" srcset=\"https:\/\/www.lamapoll.de\/blog\/wp-content\/uploads\/2023\/10\/Kinderbauernhof-Goerlitzer-Park-5.png 280w, https:\/\/www.lamapoll.de\/blog\/wp-content\/uploads\/2023\/10\/Kinderbauernhof-Goerlitzer-Park-5-241x300.png 241w\" sizes=\"auto, (max-width: 280px) 100vw, 280px\" \/><\/a><\/figure>\n<\/div>\n<\/div>\n\n\n\n<p><em>Fotos: Kinderbauernhof auf dem G\u00f6rlitzer e.V.<\/em><\/p>\n","protected":false},"excerpt":{"rendered":"<p>Eine der Spenden, die wir im November vergeben haben, kam dem Kinderbauernhof im G\u00f6rlitzer Park zugute. Und weil wir gern mehr \u00fcber das Hofleben, die Angebote und die Arbeit des Vereins wissen wollten, haben wir einfach mal nachgefragt. Vor Kurzem haben wir nun Feedback bekommen und freuen uns sehr, dass sich das Team des Kinderbauernhofs [&hellip;]<\/p>\n","protected":false},"author":1,"featured_media":8066,"comment_status":"open","ping_status":"open","sticky":false,"template":"","format":"standard","meta":{"footnotes":""},"categories":[1,1628],"tags":[1993],"class_list":["post-8064","post","type-post","status-publish","format-standard","has-post-thumbnail","hentry","category-feedbackmanagement","category-spende-des-monats","tag-feedback-zur-spende-des-monats"],"_links":{"self":[{"href":"https:\/\/www.lamapoll.de\/blog\/wp-json\/wp\/v2\/posts\/8064","targetHints":{"allow":["GET"]}}],"collection":[{"href":"https:\/\/www.lamapoll.de\/blog\/wp-json\/wp\/v2\/posts"}],"about":[{"href":"https:\/\/www.lamapoll.de\/blog\/wp-json\/wp\/v2\/types\/post"}],"author":[{"embeddable":true,"href":"https:\/\/www.lamapoll.de\/blog\/wp-json\/wp\/v2\/users\/1"}],"replies":[{"embeddable":true,"href":"https:\/\/www.lamapoll.de\/blog\/wp-json\/wp\/v2\/comments?post=8064"}],"version-history":[{"count":39,"href":"https:\/\/www.lamapoll.de\/blog\/wp-json\/wp\/v2\/posts\/8064\/revisions"}],"predecessor-version":[{"id":8733,"href":"https:\/\/www.lamapoll.de\/blog\/wp-json\/wp\/v2\/posts\/8064\/revisions\/8733"}],"wp:featuredmedia":[{"embeddable":true,"href":"https:\/\/www.lamapoll.de\/blog\/wp-json\/wp\/v2\/media\/8066"}],"wp:attachment":[{"href":"https:\/\/www.lamapoll.de\/blog\/wp-json\/wp\/v2\/media?parent=8064"}],"wp:term":[{"taxonomy":"category","embeddable":true,"href":"https:\/\/www.lamapoll.de\/blog\/wp-json\/wp\/v2\/categories?post=8064"},{"taxonomy":"post_tag","embeddable":true,"href":"https:\/\/www.lamapoll.de\/blog\/wp-json\/wp\/v2\/tags?post=8064"}],"curies":[{"name":"wp","href":"https:\/\/api.w.org\/{rel}","templated":true}]}}