{"id":7789,"date":"2023-09-26T13:58:28","date_gmt":"2023-09-26T11:58:28","guid":{"rendered":"https:\/\/www.lamapoll.de\/blog\/?p=7789"},"modified":"2023-09-26T14:30:42","modified_gmt":"2023-09-26T12:30:42","slug":"feedback-von-lesewelt-berlin-zur-spende-des-monats","status":"publish","type":"post","link":"https:\/\/www.lamapoll.de\/blog\/feedback-von-lesewelt-berlin-zur-spende-des-monats\/","title":{"rendered":"Feedback von &#8222;Lesewelt Berlin&#8220; zur Spende des Monats"},"content":{"rendered":"\n<p>Im Rahmen unserer Spendenaktion haben wir erneut interessantes Feedback bekommen. Die <a href=\"https:\/\/www.lamapoll.de\/blog\/category\/spende-des-monats\/\">Spende des Monats<\/a>, die k\u00fcrzlich von unserer Marketing-Mitarbeiterin Theresa vergeben werden durfte, kam dem gemeinn\u00fctzigen Verein <a href=\"https:\/\/lesewelt-berlin.org\/index.php\" target=\"_blank\" rel=\"noreferrer noopener\">Lesewelt Berlin<\/a> zugute. Und weil wir neugierig waren, wie z.B. die digitalen Vorlesestunden f\u00fcr Kinder funktionieren, an welche Altersklassen sich die Vorleseinitiativen des Vereins richten und wof\u00fcr die LamaPoll-Spende verwendet wird, haben wir nachgefragt. Geantwortet hat uns die Vorstandsvorsitzende Ursula Frommholz, die uns mit ihren Ausf\u00fchrungen interessante Einblicke in die Arbeit und das Angebot des Vereins gibt.<\/p>\n\n\n\n<p><strong>Ihr Verein bietet neben Pr\u00e4senzveranstaltungen auch digitale Vorlesestunden f\u00fcr Kinder an. Wie genau funktioniert das?<\/strong><br>Die digitalen Vorlesestunden sind w\u00e4hrend der Corona-Pandemie entstanden. Als die Durchf\u00fchrung der analogen Lesewelt-Vorlesestunden in \u00f6ffentlichen Einrichtungen nicht mehr m\u00f6glich war, habe ich nach einem Weg gesucht, den Kindern trotzdem ein sch\u00f6nes Erlebnis mit B\u00fcchern zu vermitteln. Schnell war die Idee geboren, Vorlesestunden in Form von Videokonferenzen durchzuf\u00fchren. Im November 2020 fand die erste Lesewelt-Online-Vorlesestunde statt. Bis heute haben ehrenamtliche Vorleserinnen und Vorleser mehr als 1.000 Mal Kinder online auf spannende Vorleseabenteuer mitnehmen k\u00f6nnen. So ist die \u201esch\u00f6nste Videokonferenz der Welt\u201c entstanden, wie einmal eine Vorleserin enthusiastisch sagte. Auch Kinder und Eltern sind begeistert, denn durch die <a href=\"https:\/\/vorlesen-ohne-grenzen.de\/\" target=\"_blank\" rel=\"noreferrer noopener\">Online-Vorlesestunden<\/a> haben die Kinder eine \u201eeigene\u201c Videokonferenz und werden digital dabei unterst\u00fctzt, die fantastische Welt der B\u00fccher zu entdecken, die Freude am Lesen zu entdecken und ihre Sprachkenntnisse zu verbessern.<\/p>\n\n\n\n<p><strong>An welche Altersklassen richten sich Ihre Angebote?<\/strong><br>Wir lesen f\u00fcr Kinder im Alter von vier bis zw\u00f6lf Jahren vor, wobei sich die Zuh\u00f6rerschaft im Laufe der Zeit verj\u00fcngt hat. Diese Entwicklung ist positiv, denn je fr\u00fcher mit dem Vorlesen begonnen wird, desto besser ist es f\u00fcr die Entwicklung der Kinder.<\/p>\n\n\n\n<p><strong>Wie erf\u00e4hrt Ihre &#8222;Zielgruppe&#8220; von den Angeboten?<\/strong><br>Wir werben mit Plakaten, Flyern und auf unserer Website. Dar\u00fcber hinaus gibt es einen Instagram-Account. Gut wirkt in der Zielgruppe die direkte Ansprache durch unsere Kooperationspartner. Die Bibliothekare verteilen unsere Flyer sobald Familien ihre Kinder neu anmelden. Am besten funktioniert allerdings die Mund-Propaganda. Informationen zum Projekt werden innerhalb der Zielgruppe von Familie zu Familie weitergegeben. Das ist gleichzeitig ein Hinweis, dass die Familien, die unsere Vorlesestunden bereits nutzen, sie empfehlenswert finden. Nach 23 Jahren warten wir darauf, dass uns bald ehemalige Zuh\u00f6rerinnen mit ihren eigenen Kindern besuchen. \ud83d\ude42<\/p>\n\n\n\n<p><strong>Suchen Sie noch ehrenamtliche VorleserInnen?<\/strong><br>Ehrenamtliche Vorleserinnen und Vorleser werden immer gesucht. Einfach den <a href=\"https:\/\/vorlesen-ohne-grenzen.de\/ehrenamtlich-vorlesende\/anmeldung-ehrenamtlich-vorlesende\/\" target=\"_blank\" rel=\"noreferrer noopener\">Interessentenbogen<\/a> ausf\u00fcllen und wir melden uns, wenn wir einen Einsatzort gefunden haben.<\/p>\n\n\n\n<p><strong>Gibt es Materialien oder Sachspenden, die Sie f\u00fcr besondere Aktionen (z.B. Schult\u00fctenaktion) dringend ben\u00f6tigen?<\/strong><br>Sachspenden ben\u00f6tigen wir im Augenblick nicht so sehr. Was uns derzeit dringend fehlt, ist ein Support f\u00fcr unsere IT. Da kommen wir immer mehr an unsere Grenzen.<\/p>\n\n\n\n<p><strong>Wissen Sie schon, wof\u00fcr Sie die Lamapoll-Spende verwenden werden?<\/strong><br>Die Spende werden wir haupts\u00e4chlich f\u00fcr die Kommunikation einsetzen, wie den Druck von Flyern und Plakaten sowie die IT-Infrastruktur.<\/p>\n\n\n\n<p><em>(Foto: Lesewelt Berlin e.V.)<\/em><\/p>\n","protected":false},"excerpt":{"rendered":"<p>Im Rahmen unserer Spendenaktion haben wir erneut interessantes Feedback bekommen. Die Spende des Monats, die k\u00fcrzlich von unserer Marketing-Mitarbeiterin Theresa vergeben werden durfte, kam dem gemeinn\u00fctzigen Verein Lesewelt Berlin zugute. Und weil wir neugierig waren, wie z.B. die digitalen Vorlesestunden f\u00fcr Kinder funktionieren, an welche Altersklassen sich die Vorleseinitiativen des Vereins richten und wof\u00fcr die [&hellip;]<\/p>\n","protected":false},"author":1,"featured_media":7815,"comment_status":"open","ping_status":"open","sticky":false,"template":"","format":"standard","meta":{"footnotes":""},"categories":[1,1628],"tags":[1993,1627,1639,1626,1865],"class_list":["post-7789","post","type-post","status-publish","format-standard","has-post-thumbnail","hentry","category-feedbackmanagement","category-spende-des-monats","tag-feedback-zur-spende-des-monats","tag-mitarbeiter-spenden-fuer-gute-zwecke","tag-spende-des-monats","tag-spendenaktion","tag-spendenempfaenger-interview"],"_links":{"self":[{"href":"https:\/\/www.lamapoll.de\/blog\/wp-json\/wp\/v2\/posts\/7789","targetHints":{"allow":["GET"]}}],"collection":[{"href":"https:\/\/www.lamapoll.de\/blog\/wp-json\/wp\/v2\/posts"}],"about":[{"href":"https:\/\/www.lamapoll.de\/blog\/wp-json\/wp\/v2\/types\/post"}],"author":[{"embeddable":true,"href":"https:\/\/www.lamapoll.de\/blog\/wp-json\/wp\/v2\/users\/1"}],"replies":[{"embeddable":true,"href":"https:\/\/www.lamapoll.de\/blog\/wp-json\/wp\/v2\/comments?post=7789"}],"version-history":[{"count":35,"href":"https:\/\/www.lamapoll.de\/blog\/wp-json\/wp\/v2\/posts\/7789\/revisions"}],"predecessor-version":[{"id":7924,"href":"https:\/\/www.lamapoll.de\/blog\/wp-json\/wp\/v2\/posts\/7789\/revisions\/7924"}],"wp:featuredmedia":[{"embeddable":true,"href":"https:\/\/www.lamapoll.de\/blog\/wp-json\/wp\/v2\/media\/7815"}],"wp:attachment":[{"href":"https:\/\/www.lamapoll.de\/blog\/wp-json\/wp\/v2\/media?parent=7789"}],"wp:term":[{"taxonomy":"category","embeddable":true,"href":"https:\/\/www.lamapoll.de\/blog\/wp-json\/wp\/v2\/categories?post=7789"},{"taxonomy":"post_tag","embeddable":true,"href":"https:\/\/www.lamapoll.de\/blog\/wp-json\/wp\/v2\/tags?post=7789"}],"curies":[{"name":"wp","href":"https:\/\/api.w.org\/{rel}","templated":true}]}}