{"id":7185,"date":"2023-07-03T15:09:59","date_gmt":"2023-07-03T13:09:59","guid":{"rendered":"https:\/\/www.lamapoll.de\/blog\/?p=7185"},"modified":"2023-07-03T15:41:08","modified_gmt":"2023-07-03T13:41:08","slug":"feedback-zur-spende-des-monats","status":"publish","type":"post","link":"https:\/\/www.lamapoll.de\/blog\/feedback-zur-spende-des-monats\/","title":{"rendered":"Positives Feedback zur &#8222;Spende des Monats&#8220;"},"content":{"rendered":"\n<p>Wir haben erneut positives Feedback zu unserer Spendenaktion bekommen, bei der ein*e LamaPoll-Mitarbeiter*in einmal im Monat eine Sach- oder Geldspende im Wert von 1000 \u20ac an eine gemeinn\u00fctzige Berliner Organisation vergeben darf. Unser Support-Mitarbeiter Ruben hatte seine Spende dem &#8222;<a href=\"https:\/\/klang-holz.de\/wp\/\" target=\"_blank\" rel=\"noreferrer noopener\">Klang-Holz e.V.<\/a>&#8220; zukommen lassen, einem Verein f\u00fcr Jugendarbeit, Handwerk und Musik. Die Gesch\u00e4ftsf\u00fchrerin des Vereins, Nadine Dittmar, hat sich nun mit einem &#8222;herzlichen Dank&#8220; zur\u00fcckgemeldet und uns ein paar Fragen beantwortet.<\/p>\n\n\n\n<p><strong>Was macht der Verein Klang-Holz eigentlich genau?<\/strong> <strong>Und an wen richten sich Eure Angebote?<\/strong><br>Wir bieten interessierten Kindern, Jugendlichen und auch \u00c4lteren (z.B. Familien) jeder Herkunft die M\u00f6glichkeit eigene Musikinstrumente zu bauen und zu spielen. Wir bieten kleine Kurse zum Werken und Instrumentenkunde\/spiel an, die meist von Grundschulen und Kitas besucht werden. <br>L\u00e4ngerfristige Projekte laufen mit Gemeinschaftsunterk\u00fcnften f\u00fcr Gefl\u00fcchtete (Musikunterricht\/ Jamangebote \/ Demokratiebildung: Filmprojekt) und wechselnden Oberschulen (Sch\u00fclerfirma\/ Toulouse Lautrec Schule) und f\u00fcr interessierte Privatpersonen (Bau\/Spielkurse\/Musikgruppen in w\u00f6chentlichem Takt).<br>Des weiteren finden Konzerte statt, wobei wir allen von Musiksch\u00fcler:innen bis Profis eine B\u00fchne bieten, um sich auszuprobieren oder einfach in einem ganz besonderen Raum zu spielen.<\/p>\n\n\n\n<p><strong>Gibt es Materialien oder Sachspenden, die Ihr dringend ben\u00f6tigt?<\/strong><br>Um die Schulen und Kitas zu unterst\u00fctzen retten wir alte Musikinstrumente, die kaputt und ungenutzt waren; reparieren sie und verschenken sie an die Einrichtungen. Daher w\u00e4re es toll, wenn Sie und Ihre Mitarbeiter:innen an uns denken, wenn sie ein kaputtes Instrument finden und es statt in die Tonne in unsere Werkstatt kommt.<\/p>\n\n\n\n<p><strong>Wisst Ihr schon, wof\u00fcr Ihr die Lamapoll-Spende verwenden werdet?<\/strong><br>Wof\u00fcr wir das Geld genau ausgeben, steht noch nicht fest. Wir wollen gerade eine Zylinderschleifmaschine anschaffen, mit der Instrumentendecken gut vorbereitet werden k\u00f6nnen. Oder wir bezahlen davon Anleiter:innen, wenn Kinder aus Gefl\u00fcchtetenunterk\u00fcnften oder aus armen Familien bei uns mitmachen wollen und nicht bezahlen k\u00f6nnen.<\/p>\n\n\n\n<p><\/p>\n\n\n\n<figure class=\"wp-block-gallery has-nested-images columns-default is-cropped wp-block-gallery-1 is-layout-flex wp-block-gallery-is-layout-flex\">\n<figure class=\"wp-block-image size-full\"><a href=\"https:\/\/www.lamapoll.de\/blog\/wp-content\/uploads\/2023\/07\/Gitarrendecke_Bebalkung_schnitzen-1.jpg\"><img loading=\"lazy\" decoding=\"async\" width=\"666\" height=\"684\" data-id=\"7199\" src=\"https:\/\/www.lamapoll.de\/blog\/wp-content\/uploads\/2023\/07\/Gitarrendecke_Bebalkung_schnitzen-1.jpg\" alt=\"\" class=\"wp-image-7199\" srcset=\"https:\/\/www.lamapoll.de\/blog\/wp-content\/uploads\/2023\/07\/Gitarrendecke_Bebalkung_schnitzen-1.jpg 666w, https:\/\/www.lamapoll.de\/blog\/wp-content\/uploads\/2023\/07\/Gitarrendecke_Bebalkung_schnitzen-1-292x300.jpg 292w\" sizes=\"auto, (max-width: 666px) 100vw, 666px\" \/><\/a><\/figure>\n\n\n\n<figure class=\"wp-block-image size-full\"><a href=\"https:\/\/www.lamapoll.de\/blog\/wp-content\/uploads\/2023\/07\/Logo-Klang-Holz-e.V-1.png\"><img loading=\"lazy\" decoding=\"async\" width=\"537\" height=\"537\" data-id=\"7198\" src=\"https:\/\/www.lamapoll.de\/blog\/wp-content\/uploads\/2023\/07\/Logo-Klang-Holz-e.V-1.png\" alt=\"\" class=\"wp-image-7198\" srcset=\"https:\/\/www.lamapoll.de\/blog\/wp-content\/uploads\/2023\/07\/Logo-Klang-Holz-e.V-1.png 537w, https:\/\/www.lamapoll.de\/blog\/wp-content\/uploads\/2023\/07\/Logo-Klang-Holz-e.V-1-300x300.png 300w, https:\/\/www.lamapoll.de\/blog\/wp-content\/uploads\/2023\/07\/Logo-Klang-Holz-e.V-1-150x150.png 150w, https:\/\/www.lamapoll.de\/blog\/wp-content\/uploads\/2023\/07\/Logo-Klang-Holz-e.V-1-60x60.png 60w\" sizes=\"auto, (max-width: 537px) 100vw, 537px\" \/><\/a><\/figure>\n\n\n\n<figure class=\"wp-block-image size-large\"><a href=\"https:\/\/www.lamapoll.de\/blog\/wp-content\/uploads\/2023\/07\/Xylofon_Gitarrenkorpus.jpg\"><img loading=\"lazy\" decoding=\"async\" width=\"1000\" height=\"457\" data-id=\"7196\" src=\"https:\/\/www.lamapoll.de\/blog\/wp-content\/uploads\/2023\/07\/Xylofon_Gitarrenkorpus.jpg\" alt=\"\" class=\"wp-image-7196\" srcset=\"https:\/\/www.lamapoll.de\/blog\/wp-content\/uploads\/2023\/07\/Xylofon_Gitarrenkorpus.jpg 1000w, https:\/\/www.lamapoll.de\/blog\/wp-content\/uploads\/2023\/07\/Xylofon_Gitarrenkorpus-300x137.jpg 300w, https:\/\/www.lamapoll.de\/blog\/wp-content\/uploads\/2023\/07\/Xylofon_Gitarrenkorpus-768x351.jpg 768w\" sizes=\"auto, (max-width: 1000px) 100vw, 1000px\" \/><\/a><\/figure>\n<\/figure>\n\n\n\n<p class=\"has-text-align-center\"><\/p>\n\n\n\n<figure class=\"wp-block-gallery has-nested-images columns-default is-cropped wp-block-gallery-2 is-layout-flex wp-block-gallery-is-layout-flex\">\n<figure class=\"wp-block-image size-large\"><a href=\"https:\/\/www.lamapoll.de\/blog\/wp-content\/uploads\/2023\/07\/Canjo_Dosenbanjo-1.jpg\"><img loading=\"lazy\" decoding=\"async\" width=\"1000\" height=\"490\" data-id=\"7205\" src=\"https:\/\/www.lamapoll.de\/blog\/wp-content\/uploads\/2023\/07\/Canjo_Dosenbanjo-1.jpg\" alt=\"\" class=\"wp-image-7205\" srcset=\"https:\/\/www.lamapoll.de\/blog\/wp-content\/uploads\/2023\/07\/Canjo_Dosenbanjo-1.jpg 1000w, https:\/\/www.lamapoll.de\/blog\/wp-content\/uploads\/2023\/07\/Canjo_Dosenbanjo-1-300x147.jpg 300w, https:\/\/www.lamapoll.de\/blog\/wp-content\/uploads\/2023\/07\/Canjo_Dosenbanjo-1-768x376.jpg 768w\" sizes=\"auto, (max-width: 1000px) 100vw, 1000px\" \/><\/a><\/figure>\n\n\n\n<figure class=\"wp-block-image size-large\"><a href=\"https:\/\/www.lamapoll.de\/blog\/wp-content\/uploads\/2023\/07\/Instrument-1.jpg\"><img loading=\"lazy\" decoding=\"async\" width=\"1024\" height=\"295\" data-id=\"7206\" src=\"https:\/\/www.lamapoll.de\/blog\/wp-content\/uploads\/2023\/07\/Instrument-1-1024x295.jpg\" alt=\"\" class=\"wp-image-7206\" srcset=\"https:\/\/www.lamapoll.de\/blog\/wp-content\/uploads\/2023\/07\/Instrument-1-1024x295.jpg 1024w, https:\/\/www.lamapoll.de\/blog\/wp-content\/uploads\/2023\/07\/Instrument-1-300x86.jpg 300w, https:\/\/www.lamapoll.de\/blog\/wp-content\/uploads\/2023\/07\/Instrument-1-768x221.jpg 768w, https:\/\/www.lamapoll.de\/blog\/wp-content\/uploads\/2023\/07\/Instrument-1-1536x442.jpg 1536w, https:\/\/www.lamapoll.de\/blog\/wp-content\/uploads\/2023\/07\/Instrument-1-2048x590.jpg 2048w\" sizes=\"auto, (max-width: 1024px) 100vw, 1024px\" \/><\/a><\/figure>\n<\/figure>\n\n\n\n<p class=\"has-text-align-center\"><em>Impressionen aus der Klang-Holz-Werkstatt<\/em><\/p>\n","protected":false},"excerpt":{"rendered":"<p>Wir haben erneut positives Feedback zu unserer Spendenaktion bekommen, bei der ein*e LamaPoll-Mitarbeiter*in einmal im Monat eine Sach- oder Geldspende im Wert von 1000 \u20ac an eine gemeinn\u00fctzige Berliner Organisation vergeben darf. Unser Support-Mitarbeiter Ruben hatte seine Spende dem &#8222;Klang-Holz e.V.&#8220; zukommen lassen, einem Verein f\u00fcr Jugendarbeit, Handwerk und Musik. Die Gesch\u00e4ftsf\u00fchrerin des Vereins, Nadine [&hellip;]<\/p>\n","protected":false},"author":1,"featured_media":6855,"comment_status":"open","ping_status":"open","sticky":false,"template":"","format":"standard","meta":{"footnotes":""},"categories":[1,1628],"tags":[1627,1639,1626,1865],"class_list":["post-7185","post","type-post","status-publish","format-standard","has-post-thumbnail","hentry","category-feedbackmanagement","category-spende-des-monats","tag-mitarbeiter-spenden-fuer-gute-zwecke","tag-spende-des-monats","tag-spendenaktion","tag-spendenempfaenger-interview"],"_links":{"self":[{"href":"https:\/\/www.lamapoll.de\/blog\/wp-json\/wp\/v2\/posts\/7185","targetHints":{"allow":["GET"]}}],"collection":[{"href":"https:\/\/www.lamapoll.de\/blog\/wp-json\/wp\/v2\/posts"}],"about":[{"href":"https:\/\/www.lamapoll.de\/blog\/wp-json\/wp\/v2\/types\/post"}],"author":[{"embeddable":true,"href":"https:\/\/www.lamapoll.de\/blog\/wp-json\/wp\/v2\/users\/1"}],"replies":[{"embeddable":true,"href":"https:\/\/www.lamapoll.de\/blog\/wp-json\/wp\/v2\/comments?post=7185"}],"version-history":[{"count":22,"href":"https:\/\/www.lamapoll.de\/blog\/wp-json\/wp\/v2\/posts\/7185\/revisions"}],"predecessor-version":[{"id":7216,"href":"https:\/\/www.lamapoll.de\/blog\/wp-json\/wp\/v2\/posts\/7185\/revisions\/7216"}],"wp:featuredmedia":[{"embeddable":true,"href":"https:\/\/www.lamapoll.de\/blog\/wp-json\/wp\/v2\/media\/6855"}],"wp:attachment":[{"href":"https:\/\/www.lamapoll.de\/blog\/wp-json\/wp\/v2\/media?parent=7185"}],"wp:term":[{"taxonomy":"category","embeddable":true,"href":"https:\/\/www.lamapoll.de\/blog\/wp-json\/wp\/v2\/categories?post=7185"},{"taxonomy":"post_tag","embeddable":true,"href":"https:\/\/www.lamapoll.de\/blog\/wp-json\/wp\/v2\/tags?post=7185"}],"curies":[{"name":"wp","href":"https:\/\/api.w.org\/{rel}","templated":true}]}}