{"id":27502,"date":"2026-01-19T14:03:05","date_gmt":"2026-01-19T12:03:05","guid":{"rendered":"https:\/\/www.lamapoll.de\/blog\/?p=27502"},"modified":"2026-01-19T18:55:58","modified_gmt":"2026-01-19T16:55:58","slug":"praxisbeispiel-vcd-umfrage-zu-mobilitaet-in-kitas-und-kommunen","status":"publish","type":"post","link":"https:\/\/www.lamapoll.de\/blog\/praxisbeispiel-vcd-umfrage-zu-mobilitaet-in-kitas-und-kommunen\/","title":{"rendered":"Praxisbeispiel: VCD-Umfrage zu Mobilit\u00e4t in Kitas und Kommunen"},"content":{"rendered":"\n<p>Die F\u00f6rderung klimavertr\u00e4glicher Mobilit\u00e4t in Kitas und Kommunen steht im Fokus eines aktuellen Projekts des <a href=\"https:\/\/www.vcd.org\/startseite\" target=\"_blank\" rel=\"noreferrer noopener\">VCD<\/a> (Verkehrsclub Deutschland). Im Rahmen der Projekt-Laufzeit von Mitte 2025 bis Januar 2027 werden eine Reihe von Aktionen, Workshops und Ma\u00dfnahmen durchgef\u00fchrt, die dazu beitragen sollen, Kindern das selbstst\u00e4ndige Fahrradfahren oder Gehen zur Kita zu erm\u00f6glichen und damit kindliche Mobilit\u00e4t zu f\u00f6rdern. Mithilfe einer Umfrage wurden zu Beginn des Projekts zudem relevante Daten erhoben, um die aktuelle Mobilit\u00e4tssituation von Kita-Kindern zu erfassen. Unterst\u00fctzt wird das VCD-Vorhaben vom Bundesministerium f\u00fcr Umwelt, Naturschutz, nukleare Sicherheit und Verbraucherschutz (BMUKN) und vom Umweltbundesamt (UBA).<\/p>\n\n\n\n<h2 class=\"wp-block-heading has-black-color has-text-color has-link-color wp-elements-f31d6c4ff35ff64362ba4f69a6333768\">Evaluation zur Mobilit\u00e4tssituation von Kita-Kindern<\/h2>\n\n\n\n<p>Flankierend zu Workshops und Aktionstagen, die im Laufe dieses Jahres in ausgew\u00e4hlten kommunalen Kitas stattfinden, wurde gleich zu Beginn des langristig angelegten Projekts eine Online-Erhebung durchgef\u00fchrt. Die mit <a href=\"https:\/\/www.lamapoll.de\/\" target=\"_blank\" rel=\"noreferrer noopener\">LamaPoll<\/a> umgesetzte bundesweite Online-Umfrage richtete sich an Eltern, Kita-Mitarbeitende und Kita-Leitungen. Ziel der Befragung zur &#8222;Aktiven Mobilit\u00e4t in Kitas und Kommunen&#8220; war die Evaluation von wichtigen Hinweisen auf aktuelle Mobilit\u00e4tssituationen, Bedarfe und Herausforderungen im Umfeld von Kitas.<\/p>\n\n\n\n<p>Auf Grundlage der Umfrage-Ergebnisse sollen Ma\u00dfnahmen entwickelt werden, die Kita-Kindern zugutekommen, die Kindermobilit\u00e4t f\u00f6rdern und damit nicht zuletzt auch die kommunale Verkehrs- und Stadtplanung nachhaltig unterst\u00fctzen. <\/p>\n\n\n\n<p>\u00dcbrigens: W\u00e4hrend der Projektlaufzeit bis 31. Januar 2027 organisiert der VCD Aktionstage in Kitas, bei denen Bewegung, Spa\u00df und Wissen rund um nachhaltige Mobilit\u00e4t im Mittelpunkt stehen. Kitas und Kinderg\u00e4rten k\u00f6nnen sich unter folgender E-Mail-Adresse bewerben: kinder@vcd.org.&nbsp;<\/p>\n\n\n\n<p>Weitere Informationen zum VCD-Projekt finden Sie auf den Websites des Verkehrsclubs: <a href=\"https:\/\/www.vcd.org\/artikel\/aktive-mobilitaet-in-kitas-und-kommunen\" target=\"_blank\" rel=\"noreferrer noopener\">Projekt zur F\u00f6rderung kindlicher Mobilit\u00e4t<\/a> und des Umweltbundesamts: <a href=\"https:\/\/www.umweltbundesamt.de\/aktive-mobilitaet-in-kitas-kommunen\" target=\"_blank\" rel=\"noreferrer noopener\">Aktive Mobilit\u00e4t in Kitas und Kommunen<\/a><\/p>\n\n\n\n<h2 class=\"wp-block-heading has-black-color has-text-color has-link-color wp-elements-9cc4ff19623aff346b81271852bd1f0d\">Umfrage als Grundlage f\u00fcr \u00c4nderungsma\u00dfnahmen einsetzen<\/h2>\n\n\n\n<p>Projekte wie die des VCD veranschaulichen, dass mittels Umfragen zum einen der Status quo erfasst wird, zum anderen Ver\u00e4nderungsma\u00dfnahmen auf Basis der generierten Ergebnisse eingeleitet werden k\u00f6nnen. Im vorliegenden Praxisbeispiel wurden mit Kita-Mitarbeitenden und Eltern von Kita-Kindern unmittelbar Betroffene adressiert, sodass mit soliden, auf Erfahrungen beruhenden Angaben zur Mobilit\u00e4tssituation zu rechnen ist. Online-Umfragen liefern auf diese Weise relevante Daten, die als Grundlage f\u00fcr b\u00fcrgernahe, bedarfs- und zielgruppengerechte Entscheidungen genutzt werden k\u00f6nnen.<\/p>\n\n\n\n<p>Das Vorgehen, direkt Betroffene aktiv in Entscheidungsfindungen miteinzubeziehen, hat au\u00dferdem den Vorteil, dass die Akzeptanz f\u00fcr geplante Ver\u00e4nderungsma\u00dfnahmen gesteigert wird. Dieser partizipative Ansatz wird daher auch h\u00e4ufig von Kommunen und Unternehmen eingesetzt: Durch B\u00fcrgerbefragungen zu kommunalpolitischen Themen (Stadtentwicklungskonzept, Wohnungsmarkt, Verkehrsplanung) wird &#8211; ebenso wie bei <a href=\"https:\/\/www.lamapoll.de\/Mitarbeiterbefragung-1\" target=\"_blank\" rel=\"noreferrer noopener\">Mitarbeiterbefragungen<\/a> im Unternehmenskontext &#8211; die Teilhabe und aktive Mitbestimmung der Betroffenen erm\u00f6glicht. Allein schon das Angebot, zu relevanten Themen und Sachverhalten Stellung nehmen zu k\u00f6nnen und zuk\u00fcnftige Entwicklungen mitzubestimmen, schafft zudem Vertrauen und signalisiert Wertsch\u00e4tzung.<br>Beispiele f\u00fcr weitere B\u00fcrgerbefragungen und entsprechende Fragebogen-Vorlagen stellen wir auf folgender Seite zur Verf\u00fcgung: <a href=\"https:\/\/www.lamapoll.de\/Buergerbefragung\/Buergerbefragung-Fragebogen-Vorlage\" target=\"_blank\" rel=\"noreferrer noopener\">Online-B\u00fcrgerbefragung &#8211; Beispiele &amp; Frageb\u00f6gen<\/a><\/p>\n\n\n\n<p><strong>Vorteile von Online-Befragungen auf einen Blick:<\/strong><\/p>\n\n\n\n<ul class=\"wp-block-list\">\n<li>hohe Akzeptanz bei Befragten<\/li>\n\n\n\n<li>niedrigschwelliger Zugang<\/li>\n\n\n\n<li>\u00f6konomisch &amp; zeiteffizient<\/li>\n\n\n\n<li>ressourcenschonend<\/li>\n\n\n\n<li>anonym &amp; sicher<\/li>\n\n\n\n<li>hohe Datenqualit\u00e4t<\/li>\n\n\n\n<li>unkomplizierte (Live-)Auswertung<\/li>\n<\/ul>\n\n\n\n<hr class=\"wp-block-separator has-alpha-channel-opacity\"\/>\n\n\n\n<h2 class=\"wp-block-heading\"><mark style=\"background-color:rgba(0, 0, 0, 0)\" class=\"has-inline-color has-black-color\">Eigenes Umfrageprojekt umsetzen: Jetzt Fragebogen erstellen!<\/mark><\/h2>\n\n\n\n<p>Nutzen Sie die hier vorgestellten Tipps und Tricks f\u00fcr Ihr n\u00e4chstes Umfrage-Projekt mit LamaPoll. Profitieren Sie au\u00dferdem von unserem neuen <a href=\"https:\/\/help.lamapoll.de\/Features\/Auswerten\/Umfrage-Reports\/\" target=\"_blank\" rel=\"noreferrer noopener\">Reports-Feature<\/a>, das Sie bei der Auswertung Ihrer Befragungen dynamisch und visuell unterst\u00fctzt und von unserem pers\u00f6nlichen und kompetenten <a href=\"https:\/\/www.lamapoll.de\/Support\/Kontakt\" target=\"_blank\" rel=\"noreferrer noopener\">Support-Team<\/a>. Wir stehen Ihnen gerne bei Fragen und Problemen zur Verf\u00fcgung.<\/p>\n\n\n\n<div class=\"wp-block-buttons is-content-justification-center is-layout-flex wp-block-buttons-is-layout-flex\">\n<div class=\"wp-block-button\"><a class=\"wp-block-button__link has-background\" href=\"https:\/\/www.lamapoll.de\/\" style=\"background-color:#44aa22\" target=\"_blank\" rel=\"noreferrer noopener\">Fragebogen erstellen<\/a><\/div>\n<\/div>\n\n\n\n<h2 class=\"wp-block-heading has-black-color has-text-color has-link-color wp-elements-12c44730fcaaa3d7a22783e6b0e7c5fe\">Umfrage f\u00fcr die Rubrik &#8222;Praxisbeispiele&#8220; vorschlagen<\/h2>\n\n\n\n<p>In unserer Rubrik Praxisbeispiele stellen wir regelm\u00e4\u00dfig interessante Anwendungsf\u00e4lle und relevante Umfrageprojekte unserer Kunden vor. Sie m\u00f6chten, dass wir auch \u00fcber Ihr Umfrageprojekt berichten? Dann f\u00fcllen Sie den folgenden kurzen Fragebogen aus. Sie k\u00f6nnen sowohl geplante als auch aktuell laufende oder bereits abgeschlossene Umfragen einreichen. Wir freuen uns auf Ihre Vorschl\u00e4ge!<\/p>\n\n\n\n<p>Zum Fragebogen: <a href=\"https:\/\/vorlage.lamapoll.de\/Praxisbeispiel-LamaPoll\" target=\"_blank\" rel=\"noreferrer noopener\">Umfrage als Praxisbeispiel einreichen<\/a><\/p>\n\n\n\n<p><\/p>\n","protected":false},"excerpt":{"rendered":"<p>Die F\u00f6rderung klimavertr\u00e4glicher Mobilit\u00e4t in Kitas und Kommunen steht im Fokus eines aktuellen Projekts des VCD (Verkehrsclub Deutschland). Im Rahmen der Projekt-Laufzeit von Mitte 2025 bis Januar 2027 werden eine Reihe von Aktionen, Workshops und Ma\u00dfnahmen durchgef\u00fchrt, die dazu beitragen sollen, Kindern das selbstst\u00e4ndige Fahrradfahren oder Gehen zur Kita zu erm\u00f6glichen und damit kindliche Mobilit\u00e4t [&hellip;]<\/p>\n","protected":false},"author":1,"featured_media":27696,"comment_status":"open","ping_status":"open","sticky":false,"template":"","format":"standard","meta":{"footnotes":""},"categories":[1,2713],"tags":[2773,2770,1504,2710],"class_list":["post-27502","post","type-post","status-publish","format-standard","has-post-thumbnail","hentry","category-feedbackmanagement","category-lamapoll-praxisbeispiele","tag-beispiele-fuer-erfolgreich-umgesetzte-umfragen","tag-buergerbefragung-online-durchfuehren","tag-erfahrungen-mit-lamapoll","tag-lamapoll-praxisbeispiele"],"_links":{"self":[{"href":"https:\/\/www.lamapoll.de\/blog\/wp-json\/wp\/v2\/posts\/27502","targetHints":{"allow":["GET"]}}],"collection":[{"href":"https:\/\/www.lamapoll.de\/blog\/wp-json\/wp\/v2\/posts"}],"about":[{"href":"https:\/\/www.lamapoll.de\/blog\/wp-json\/wp\/v2\/types\/post"}],"author":[{"embeddable":true,"href":"https:\/\/www.lamapoll.de\/blog\/wp-json\/wp\/v2\/users\/1"}],"replies":[{"embeddable":true,"href":"https:\/\/www.lamapoll.de\/blog\/wp-json\/wp\/v2\/comments?post=27502"}],"version-history":[{"count":44,"href":"https:\/\/www.lamapoll.de\/blog\/wp-json\/wp\/v2\/posts\/27502\/revisions"}],"predecessor-version":[{"id":28189,"href":"https:\/\/www.lamapoll.de\/blog\/wp-json\/wp\/v2\/posts\/27502\/revisions\/28189"}],"wp:featuredmedia":[{"embeddable":true,"href":"https:\/\/www.lamapoll.de\/blog\/wp-json\/wp\/v2\/media\/27696"}],"wp:attachment":[{"href":"https:\/\/www.lamapoll.de\/blog\/wp-json\/wp\/v2\/media?parent=27502"}],"wp:term":[{"taxonomy":"category","embeddable":true,"href":"https:\/\/www.lamapoll.de\/blog\/wp-json\/wp\/v2\/categories?post=27502"},{"taxonomy":"post_tag","embeddable":true,"href":"https:\/\/www.lamapoll.de\/blog\/wp-json\/wp\/v2\/tags?post=27502"}],"curies":[{"name":"wp","href":"https:\/\/api.w.org\/{rel}","templated":true}]}}