{"id":22892,"date":"2025-09-09T14:14:04","date_gmt":"2025-09-09T12:14:04","guid":{"rendered":"https:\/\/www.lamapoll.de\/blog\/?p=22892"},"modified":"2025-11-19T18:30:22","modified_gmt":"2025-11-19T16:30:22","slug":"lebenshilfe-berlin-gibt-feedback-zur-lamapoll-spende","status":"publish","type":"post","link":"https:\/\/www.lamapoll.de\/blog\/lebenshilfe-berlin-gibt-feedback-zur-lamapoll-spende\/","title":{"rendered":"Lebenshilfe Berlin gibt Feedback zur LamaPoll-Spende"},"content":{"rendered":"\n<p>Im September ging die LamaPoll-Spende in H\u00f6he von 1.000 Euro auf Wunsch unserer Mitarbeiterin Anne an die <a href=\"https:\/\/www.lebenshilfe-berlin.de\/de\/index.php\" target=\"_blank\" rel=\"noreferrer noopener\">Lebenshilfe Berlin e.V.<\/a> Der Verein setzt sich seit vielen Jahren daf\u00fcr ein, Menschen mit Behinderung und ihre Angeh\u00f6rigen zu unterst\u00fctzen und ihnen mehr Teilhabe, Selbstbestimmung und Lebensqualit\u00e4t zu erm\u00f6glichen.<br>Welche Entwicklungen die Lebenshilfe in den letzten Jahren gepr\u00e4gt haben, welche Projekte aktuell im Fokus stehen und wof\u00fcr unsere Spende eingesetzt wird, hat uns Christiane M\u00fcller-Zurek, Leiterin der Verbandskommunikation, im Interview erz\u00e4hlt:<\/p>\n\n\n\n<p><strong>Die Lebenshilfe Berlin gibt es bereits seit 1960. Wie hat sich die Arbeit in den letzten Jahren entwickelt?<\/strong><br>Aus der erfolgreichen Elterninitiative entwickelten sich im Laufe der Jahre inklusive Dienstleistungen f\u00fcr Menschen mit Behinderungen und ihre Angeh\u00f6rigen in allen Lebensbereichen. Diese werden inzwischen arbeitsteilig von eigenen Betriebsgesellschaften des Lebenshilfe Berlin e.V. erbracht.<\/p>\n\n\n\n<p>Der Lebenshilfe Berlin e.V. stellt die Interessenvertretung in Politik und \u00d6ffentlichkeit sowie die Netzwerk- und Angeh\u00f6rigenarbeit sicher und f\u00f6rdert aktiv die Selbstvertretung von Menschen mit Beeintr\u00e4chtigung.<\/p>\n\n\n\n<p><strong>Welche neuen Projekte oder Initiativen haben Sie k\u00fcrzlich gestartet?<\/strong><br>Unser aktuelles Projekt \u201e<a href=\"https:\/\/www.lebenshilfe-berlin.de\/de\/aktuelles\/jeder-tag-zaehlt\/index.php\" target=\"_blank\" rel=\"noreferrer noopener\">Jeder Tag z\u00e4hlt<\/a>\u201c macht bis zur Abgeordnetenhauswahl im September 2026 jeden Monat mit konkreten Forderungen an die Politik auf bestehende Probleme bei Inklusion und Barrierefreiheit aufmerksam. In diesem Monat geht es um das Recht auf Bildung f\u00fcr alle.<\/p>\n\n\n\n<p><strong>An wen richtet sich das Angebot der \u201eLebenshilfe Bildung\u201c?<\/strong><br>Die innovativen und praxisnahen Fort- und Weiterbildungen der Lebenshilfe Bildung gGmbH sind f\u00fcr Fach- und F\u00fchrungskr\u00e4fte aus der Behindertenhilfe und f\u00fcr Menschen mit Beeintr\u00e4chtigung, Angeh\u00f6rige und Interessierte.<\/p>\n\n\n\n<p>Das Projekt ERW-IN (<strong>Erw<\/strong>achsenenbildung <strong>in<\/strong>klusiv) setzt das Recht auf lebenslange Bildung f\u00fcr alle um. In Zusammenarbeit mit den Berliner Volkshochschulen und der Berliner Landeszentrale f\u00fcr Politische Bildung bietet ERW-IN eine Vielzahl von inklusiven Kursen, die die Bed\u00fcrfnisse von Menschen mit Lernschwierigkeiten ber\u00fccksichtigen:<\/p>\n\n\n\n<ul class=\"wp-block-list\">\n<li>kleine Gruppen<\/li>\n\n\n\n<li>verst\u00e4ndliche einfache Sprache<\/li>\n\n\n\n<li>angepasstes Lerntempo<\/li>\n\n\n\n<li>geringe Teilnahmekosten<\/li>\n<\/ul>\n\n\n\n<p><strong>Wie k\u00f6nnen sich Interessierte bei der Lebenshilfe ehrenamtlich engagieren? Wo besteht ein besonders gro\u00dfer Bedarf an freiwilliger Unterst\u00fctzung?<\/strong><br>Durch die gro\u00dfe Vielfalt der Lebenshilfe Berlin k\u00f6nnen alle Interessierten genau die Aufgabe finden, in die sie ihre eigenen Interessen und F\u00e4higkeiten einbringen k\u00f6nnen, z.B. in der Begleitung von Menschen mit Behinderungen, bei k\u00fcnstlerischen Angeboten oder Unterst\u00fctzung bei Veranstaltungen. Auch wer sich politisch f\u00fcr die Interessen von Menschen mit Beeintr\u00e4chtigungen engagieren m\u00f6chte, ist bei uns richtig. Es ist f\u00fcr jede und jeden etwas dabei!<\/p>\n\n\n\n<p><strong>Was sind die gr\u00f6\u00dften H\u00fcrden, die Sie sich im Rahmen der politischen und verwaltungstechnischen Interessenvertretung von Menschen mit Beeintr\u00e4chtigungen ergeben? Und wo sehen Sie die gr\u00f6\u00dften Fortschritte?<\/strong><br>In der Gesetzgebung und der Rechtsprechung gibt es gro\u00dfe Fortschritte. Wir haben inzwischen viele gute Gesetze, jedoch werden sie nicht umgesetzt, und Inklusion wird nicht gelebt. Bestes Beispiel ist die fehlende Barrierefreiheit. Barrierefreiheit ist ein sehr komplexes Thema und geht weit \u00fcber Fahrst\u00fchle und abgesenkte Bordsteine hinaus. Menschen mit kognitiven Beeintr\u00e4chtigungen werden \u00fcberhaupt nicht mitgedacht. Sie brauchen Einfache Sprache.<\/p>\n\n\n\n<p>Das gr\u00f6\u00dfte Problem in den n\u00e4chsten Jahren sind die Sparzw\u00e4nge der \u00f6ffentlichen Hand und dass der Sozialstaat immer st\u00e4rker in Frage gestellt wird.<\/p>\n\n\n\n<p><strong>Wissen Sie schon, wof\u00fcr Sie die LamaPoll-Spende einsetzen werden?<\/strong><br>Weil Inklusion in der Familie beginnt, werden wir die Spende f\u00fcr die Arbeit mit Familien einsetzen. Familien mit Kindern mit Beeintr\u00e4chtigungen sind im Alltag mit vielen Herausforderungen konfrontiert. Neben konkreter Unterst\u00fctzung brauchen sie Beratung, Informationen und vor allem den Austausch mit anderen Familien.<\/p>\n","protected":false},"excerpt":{"rendered":"<p>Im September ging die LamaPoll-Spende in H\u00f6he von 1.000 Euro auf Wunsch unserer Mitarbeiterin Anne an die Lebenshilfe Berlin e.V. Der Verein setzt sich seit vielen Jahren daf\u00fcr ein, Menschen mit Behinderung und ihre Angeh\u00f6rigen zu unterst\u00fctzen und ihnen mehr Teilhabe, Selbstbestimmung und Lebensqualit\u00e4t zu erm\u00f6glichen.Welche Entwicklungen die Lebenshilfe in den letzten Jahren gepr\u00e4gt haben, [&hellip;]<\/p>\n","protected":false},"author":1,"featured_media":22907,"comment_status":"open","ping_status":"open","sticky":false,"template":"","format":"standard","meta":{"footnotes":""},"categories":[1,1628],"tags":[1627,1626],"class_list":["post-22892","post","type-post","status-publish","format-standard","has-post-thumbnail","hentry","category-feedbackmanagement","category-spende-des-monats","tag-mitarbeiter-spenden-fuer-gute-zwecke","tag-spendenaktion"],"_links":{"self":[{"href":"https:\/\/www.lamapoll.de\/blog\/wp-json\/wp\/v2\/posts\/22892","targetHints":{"allow":["GET"]}}],"collection":[{"href":"https:\/\/www.lamapoll.de\/blog\/wp-json\/wp\/v2\/posts"}],"about":[{"href":"https:\/\/www.lamapoll.de\/blog\/wp-json\/wp\/v2\/types\/post"}],"author":[{"embeddable":true,"href":"https:\/\/www.lamapoll.de\/blog\/wp-json\/wp\/v2\/users\/1"}],"replies":[{"embeddable":true,"href":"https:\/\/www.lamapoll.de\/blog\/wp-json\/wp\/v2\/comments?post=22892"}],"version-history":[{"count":8,"href":"https:\/\/www.lamapoll.de\/blog\/wp-json\/wp\/v2\/posts\/22892\/revisions"}],"predecessor-version":[{"id":25453,"href":"https:\/\/www.lamapoll.de\/blog\/wp-json\/wp\/v2\/posts\/22892\/revisions\/25453"}],"wp:featuredmedia":[{"embeddable":true,"href":"https:\/\/www.lamapoll.de\/blog\/wp-json\/wp\/v2\/media\/22907"}],"wp:attachment":[{"href":"https:\/\/www.lamapoll.de\/blog\/wp-json\/wp\/v2\/media?parent=22892"}],"wp:term":[{"taxonomy":"category","embeddable":true,"href":"https:\/\/www.lamapoll.de\/blog\/wp-json\/wp\/v2\/categories?post=22892"},{"taxonomy":"post_tag","embeddable":true,"href":"https:\/\/www.lamapoll.de\/blog\/wp-json\/wp\/v2\/tags?post=22892"}],"curies":[{"name":"wp","href":"https:\/\/api.w.org\/{rel}","templated":true}]}}