{"id":21723,"date":"2025-08-06T17:23:43","date_gmt":"2025-08-06T15:23:43","guid":{"rendered":"https:\/\/www.lamapoll.de\/blog\/?p=21723"},"modified":"2025-08-06T17:23:48","modified_gmt":"2025-08-06T15:23:48","slug":"freunde-alter-menschen-e-v-baut-aktivitaeten-mit-lamapoll-spende-aus","status":"publish","type":"post","link":"https:\/\/www.lamapoll.de\/blog\/freunde-alter-menschen-e-v-baut-aktivitaeten-mit-lamapoll-spende-aus\/","title":{"rendered":"Freunde alter Menschen e.V. baut Aktivit\u00e4ten mit LamaPoll-Spende aus"},"content":{"rendered":"\n<p>Unsere monatliche <a href=\"https:\/\/www.lamapoll.de\/\" target=\"_blank\" rel=\"noreferrer noopener\">LamaPoll<\/a>-Spende in H\u00f6he von 1.000 Euro ging im August auf Wunsch unseres IT-Azubis Travers an die <a href=\"https:\/\/famev.de\/\" target=\"_blank\" rel=\"noreferrer noopener\">Freunde alter Menschen e.V.<\/a> Der Verein, der bereits seit seiner Gr\u00fcndung im Jahr 1991 in Berlin agiert, hat es sich zur Aufgabe gemacht, die Einsamkeit im Alter zu bek\u00e4mpfen.<\/p>\n\n\n\n<p>Mit Besuchspartnerschaften, Initiativen wie der Generation Nachbarschaft und diversen Veranstaltungen schafft die Organisation Raum f\u00fcr Kontakt und Begegnungen und geht aktiv altersbedingte Isolation und Vereinsamung an. Was sich seit der Gr\u00fcndung des Vereins ver\u00e4ndert hat, wie sich die Beziehung mit den \u00e4lteren Leuten in der Praxis gestaltet und wie Interessierte die Arbeit unterst\u00fctzen k\u00f6nnen, hat uns freundlicherweise Simone Sukstorf beantwortet. Das komplette Interview mit der Leiterin des Fundraising- und Kommunikationsteams gibt es hier:<\/p>\n\n\n\n<p><strong>Ihr Verein wurde 1991 gegr\u00fcndet. Hat sich die Situation alter Menschen Ihrer Erfahrung nach seitdem eher verschlechtert oder verbessert?<\/strong><\/p>\n\n\n\n<p>Seit der Gr\u00fcndung 1991 hat sich die Situation alter Menschen in einigen Bereichen verbessert, etwa durch ein gr\u00f6\u00dferes Bewusstsein f\u00fcr das Thema Einsamkeit im Alter und mehr Angebote f\u00fcr Hochbetagte. Gleichzeitig beobachten wir aber auch neue Herausforderungen: Viele alte Menschen sind weiterhin von Einsamkeit und sozialer Isolation betroffen, gerade in Gro\u00dfst\u00e4dten, wo der Anteil der Ein-Personen-Haushalte bei \u00fcber 50 % liegt. <\/p>\n\n\n\n<p>Der demografische Wandel f\u00fchrt dazu, dass immer mehr Menschen ein hohes Alter erreichen und dabei oft weniger famili\u00e4re Unterst\u00fctzung haben. Insgesamt hat sich die Situation in mancher Hinsicht verbessert \u2013 beispielsweise gibt es mehr Hilfsangebote \u2013 aber die gesellschaftlichen Herausforderungen rund um Alter und Einsamkeit bleiben gro\u00df.<\/p>\n\n\n\n<p><strong>Sie haben 2023 eine systematische Befragung von alten Menschen und Freiwilligen durchgef\u00fchrt. Mit welchen Ergebnissen?<\/strong><\/p>\n\n\n\n<p>F\u00fcr die meisten \u00e4lteren Menschen bedeuten regelm\u00e4\u00dfige Besuche eine deutliche Verbesserung der Lebensqualit\u00e4t und einen R\u00fcckgang von Einsamkeit. Viele gaben an, sich durch die pers\u00f6nlichen Beziehungen emotional gest\u00e4rkt und wertgesch\u00e4tzt zu f\u00fchlen. Die Freiwilligen berichten, selbst von den Begegnungen zu profitieren: Sie erfahren Dankbarkeit, lernen Lebensgeschichten kennen und sch\u00e4tzen den Austausch zwischen den Generationen.<\/p>\n\n\n\n<p><strong>Wie schaffen Sie es, langfristige Beziehungen zwischen Freiwilligen und \u00e4lteren Menschen aufzubauen und zu begleiten \u2013 besonders in einer Zeit, in der viele Menschen wenig Zeit haben?<\/strong><\/p>\n\n\n\n<p>In pers\u00f6nlichen Gespr\u00e4chen finden wir heraus, wer gut zusammenpassen k\u00f6nnte, nach Interessen, Wohnort und Pers\u00f6nlichkeit. Die Freiwilligen erhalten Schulungen, Begleitung und Austauschm\u00f6glichkeiten (z. B. Supervisionen). Durch regelm\u00e4\u00dfige pers\u00f6nliche und telefonische Kontakte seitens unserer Koordinatorinnen bleiben wir mit allen Beteiligten im Gespr\u00e4ch. <\/p>\n\n\n\n<p>Die Freiwilligen k\u00f6nnen flexibel so viel Zeit einbringen, wie sie m\u00f6chten; oft reichen schon kleine regelm\u00e4\u00dfige Begegnungen, um eine gro\u00dfe Wirkung zu erzielen. Die Besuchspartnerschaften halten im Schnitt gut 25 Monate und h\u00e4ufig bis an das Lebensende der alten Menschen.<\/p>\n\n\n\n<p><strong>Seit Fr\u00fchjahr 2025 gibt es ihr neues Projekt &#8222;Generation Nachbarschaft&#8220; in Berlin. Was beinhaltet das?<\/strong><\/p>\n\n\n\n<p>Generation Nachbarschaft in Berlin ist ein Projekt, das Nachbarinnen und Nachbarn aller Altersgruppen zusammenbringt \u2013 durch gemeinsame Aktivit\u00e4ten und Begegnungen im Kiez. Ziel ist ein st\u00e4rkeres, generationen\u00fcbergreifendes Miteinander, bei dem sich Menschen fr\u00fchzeitig vernetzen und gegenseitig unterst\u00fctzen. Wir sind mit dem Programm in Reinickendorf und Mariendorf aktiv.<\/p>\n\n\n\n<p><strong>Wie kann man Ihren Verein unterst\u00fctzen und wie k\u00f6nnen sich Interessierte einbringen?<\/strong><\/p>\n\n\n\n<p>Es gibt viele M\u00f6glichkeiten, unseren Verein zu unterst\u00fctzen oder sich einzubringen. <\/p>\n\n\n\n<p><em>Freiwilliges Engagement:<\/em> Werden Sie Besuchspartnerin oder Besuchspartner und schenken Sie alten Menschen Zeit und Aufmerksamkeit. Engagieren Sie sich aktiv bei Generation Nachbarschaft. Weitere Infos unter Telefon 030-691 18 83 oder unter <a href=\"https:\/\/famev.de\/mitmachen\/dein-team-engagement\/\" target=\"_blank\" rel=\"noreferrer noopener\">www.famev.de\/mitmachen<\/a> <\/p>\n\n\n\n<p><em>Spenden:<\/em> Jede Spende hilft uns, mehr Menschen zu erreichen und neue Projekte zu starten. Weitere Infos unter <a href=\"https:\/\/famev.de\/spenden\/\" target=\"_blank\" rel=\"noreferrer noopener\">www.famev.de\/spenden<\/a><\/p>\n\n\n\n<p><strong>Wissen Sie schon, wof\u00fcr Sie die LamaPoll-Spende verwenden werden?<\/strong><\/p>\n\n\n\n<p>Wir sind sehr dankbar f\u00fcr die Spende von LamaPoll!!! Wir werden die Zuwendung f\u00fcr den Ausbau unserer Aktivit\u00e4ten in Berlin einsetzen, um mit vielen Freiwilligen einsame alte Menschen vor Einsamkeit zu bewahren. Unser Verein ist fast komplett spendenfinanziert, deshalb freuen wir uns \u00fcber jeden Beitrag zu unserem Auftrag.<\/p>\n\n\n\n<p><em>Headerbild: \u00a9 Birte Zellentin<\/em><\/p>\n\n\n\n<p><\/p>\n","protected":false},"excerpt":{"rendered":"<p>Unsere monatliche LamaPoll-Spende in H\u00f6he von 1.000 Euro ging im August auf Wunsch unseres IT-Azubis Travers an die Freunde alter Menschen e.V. Der Verein, der bereits seit seiner Gr\u00fcndung im Jahr 1991 in Berlin agiert, hat es sich zur Aufgabe gemacht, die Einsamkeit im Alter zu bek\u00e4mpfen. Mit Besuchspartnerschaften, Initiativen wie der Generation Nachbarschaft und [&hellip;]<\/p>\n","protected":false},"author":1,"featured_media":21434,"comment_status":"open","ping_status":"open","sticky":false,"template":"","format":"standard","meta":{"footnotes":""},"categories":[1,1628],"tags":[1627,1626],"class_list":["post-21723","post","type-post","status-publish","format-standard","has-post-thumbnail","hentry","category-feedbackmanagement","category-spende-des-monats","tag-mitarbeiter-spenden-fuer-gute-zwecke","tag-spendenaktion"],"_links":{"self":[{"href":"https:\/\/www.lamapoll.de\/blog\/wp-json\/wp\/v2\/posts\/21723","targetHints":{"allow":["GET"]}}],"collection":[{"href":"https:\/\/www.lamapoll.de\/blog\/wp-json\/wp\/v2\/posts"}],"about":[{"href":"https:\/\/www.lamapoll.de\/blog\/wp-json\/wp\/v2\/types\/post"}],"author":[{"embeddable":true,"href":"https:\/\/www.lamapoll.de\/blog\/wp-json\/wp\/v2\/users\/1"}],"replies":[{"embeddable":true,"href":"https:\/\/www.lamapoll.de\/blog\/wp-json\/wp\/v2\/comments?post=21723"}],"version-history":[{"count":14,"href":"https:\/\/www.lamapoll.de\/blog\/wp-json\/wp\/v2\/posts\/21723\/revisions"}],"predecessor-version":[{"id":21864,"href":"https:\/\/www.lamapoll.de\/blog\/wp-json\/wp\/v2\/posts\/21723\/revisions\/21864"}],"wp:featuredmedia":[{"embeddable":true,"href":"https:\/\/www.lamapoll.de\/blog\/wp-json\/wp\/v2\/media\/21434"}],"wp:attachment":[{"href":"https:\/\/www.lamapoll.de\/blog\/wp-json\/wp\/v2\/media?parent=21723"}],"wp:term":[{"taxonomy":"category","embeddable":true,"href":"https:\/\/www.lamapoll.de\/blog\/wp-json\/wp\/v2\/categories?post=21723"},{"taxonomy":"post_tag","embeddable":true,"href":"https:\/\/www.lamapoll.de\/blog\/wp-json\/wp\/v2\/tags?post=21723"}],"curies":[{"name":"wp","href":"https:\/\/api.w.org\/{rel}","templated":true}]}}