{"id":21419,"date":"2025-08-01T12:38:03","date_gmt":"2025-08-01T10:38:03","guid":{"rendered":"https:\/\/www.lamapoll.de\/blog\/?p=21419"},"modified":"2025-08-04T11:00:36","modified_gmt":"2025-08-04T09:00:36","slug":"lamapoll-spende-an-freunde-alter-menschen","status":"publish","type":"post","link":"https:\/\/www.lamapoll.de\/blog\/lamapoll-spende-an-freunde-alter-menschen\/","title":{"rendered":"LamaPoll-Spende an Freunde alter Menschen e.V."},"content":{"rendered":"\n<p>Die <a href=\"https:\/\/www.lamapoll.de\/blog\/category\/spende-des-monats\/\" target=\"_blank\" rel=\"noreferrer noopener\">Spende des Monats<\/a> geht in die n\u00e4chste Runde: Im August unterst\u00fctzt unser IT-Azubi Travers mit seinen 1000\u20ac den Verein <a href=\"https:\/\/famev.de\/\" target=\"_blank\" rel=\"noreferrer noopener\">Freunde alter Menschen<\/a>, der sich f\u00fcr ein menschliches Miteinander einsetzt und der Einsamkeit im Alter entgegenwirkt. Zu diesem Zweck erm\u00f6glicht der Verein generations\u00fcbergreifende Begegnungen und Besuchspartnerschaften, um alte Menschen \u00fcber 75 mit Nachbarn und Freiwilligen zusammenzubringen. Freunde alter Menschen ist Teil eines internationalen Netzwerks mit f\u00fcnf Standorten in Deutschland. 1991 gestartet in Berlin, ist der Verein inzwischen auch in Hamburg, Frankfurt, K\u00f6ln und M\u00fcnchen vertreten.<br>&#8222;Der Ansatz des Vereins, mit Zeit, Zuwendung und echter Begegnung gegen Einsamkeit im Alter anzuwirken, hat mich tief beeindruckt&#8220;, erl\u00e4utert Travers seine Motivation, die Spende den &#8222;Freunden alter Menschen&#8220; zugutekommen zu lassen. Weitere Beweggr\u00fcnde hat er in folgendem Interview geschildert.<\/p>\n\n\n\n<p><strong>Wohin geht deine Spende des Monats?<\/strong><\/p>\n\n\n\n<p>An den Verein &#8222;Freunde alter Menschen&#8220;.<\/p>\n\n\n\n<p><strong>Warum hast du dir diesen Verein als Spendenempf\u00e4nger ausgesucht?<\/strong><\/p>\n\n\n\n<p>Ich habe mich f\u00fcr &#8222;Freunde alter Menschen&#8220; entschieden, weil mir das Thema soziale Isolation im Alter sehr am Herzen liegt. Gerade \u00e4ltere Menschen werden in unserer schnelllebigen Gesellschaft oft \u00fcbersehen \u2013 dabei tragen sie so viel Lebenserfahrung, Geschichte und Menschlichkeit in sich. Der Ansatz des Vereins, mit Zeit, Zuwendung und echter Begegnung gegen Einsamkeit im Alter anzuwirken, hat mich tief beeindruckt. Es ist nicht nur Hilfe, es ist echte Verbindung. Ich finde es wertvoll, eine Organisation zu unterst\u00fctzen, die sich mit so viel W\u00e4rme und Engagement f\u00fcr mehr Miteinander zwischen den Generationen einsetzt.<\/p>\n\n\n\n<p><strong>Warum besch\u00e4ftigen dich die Inhalte des Projekts? Engagierst du dich privat in diesem Bereich?<\/strong><\/p>\n\n\n\n<p>Ich finde es sehr ber\u00fchrend, wie der Verein Einsamkeit im Alter mit Menschlichkeit und echter Zuwendung begegnet. Auch wenn ich mich privat bisher nicht in diesem Bereich engagiere, spricht mich das Thema stark an \u2013 gerade weil \u00e4ltere Menschen in unserer Gesellschaft oft vergessen werden. Freunde alter Menschen e.V. macht auf wertsch\u00e4tzende Weise sichtbar, wie wichtig soziale N\u00e4he im Alter ist.<\/p>\n\n\n\n<p><strong>Was erhoffst du dir von deiner Spende?<\/strong><\/p>\n\n\n\n<p>Ich w\u00fcnsche mir, dass meine Spende hilft, Zeit und Zuwendung dorthin zu bringen, wo sie oft fehlen. Es geht mir nicht um gro\u00dfe Ver\u00e4nderungen, sondern um kleine, echte Momente der N\u00e4he \u2013 ein Besuch, ein Gespr\u00e4ch, ein L\u00e4cheln. Wenn das unterst\u00fctzt werden kann, war die Spende gut investiert.<\/p>\n\n\n\n<p><strong>Was gef\u00e4llt dir besonders an der LamaPoll-Aktion \u201eSpende des Monats&#8217;\u201c?<\/strong><\/p>\n\n\n\n<p>Ich finde es sch\u00f6n, dass durch die Aktion soziale Projekte sichtbar gemacht werden, die oft im Verborgenen wirken. Es ist eine tolle M\u00f6glichkeit, Organisationen kennenzulernen, die wirklich etwas bewegen \u2013 und gleichzeitig als Unternehmen Haltung zu zeigen. Dass Mitarbeitende mitentscheiden k\u00f6nnen, macht die Spende noch pers\u00f6nlicher und sinnhafter.<\/p>\n\n\n\n<p><em>Foto oben: Eines der Besuchspaare, das durch den Verein &#8222;Freunde alter Menschen&#8220; zusammengefunden hat. \u00a9 Birte Zellentin<\/em><\/p>\n\n\n\n<p><\/p>\n","protected":false},"excerpt":{"rendered":"<p>Die Spende des Monats geht in die n\u00e4chste Runde: Im August unterst\u00fctzt unser IT-Azubi Travers mit seinen 1000\u20ac den Verein Freunde alter Menschen, der sich f\u00fcr ein menschliches Miteinander einsetzt und der Einsamkeit im Alter entgegenwirkt. Zu diesem Zweck erm\u00f6glicht der Verein generations\u00fcbergreifende Begegnungen und Besuchspartnerschaften, um alte Menschen \u00fcber 75 mit Nachbarn und Freiwilligen [&hellip;]<\/p>\n","protected":false},"author":1,"featured_media":21434,"comment_status":"open","ping_status":"open","sticky":false,"template":"","format":"standard","meta":{"footnotes":""},"categories":[1,1628],"tags":[1624,1627,1626],"class_list":["post-21419","post","type-post","status-publish","format-standard","has-post-thumbnail","hentry","category-feedbackmanagement","category-spende-des-monats","tag-lamapoll-unternehmensspende","tag-mitarbeiter-spenden-fuer-gute-zwecke","tag-spendenaktion"],"_links":{"self":[{"href":"https:\/\/www.lamapoll.de\/blog\/wp-json\/wp\/v2\/posts\/21419","targetHints":{"allow":["GET"]}}],"collection":[{"href":"https:\/\/www.lamapoll.de\/blog\/wp-json\/wp\/v2\/posts"}],"about":[{"href":"https:\/\/www.lamapoll.de\/blog\/wp-json\/wp\/v2\/types\/post"}],"author":[{"embeddable":true,"href":"https:\/\/www.lamapoll.de\/blog\/wp-json\/wp\/v2\/users\/1"}],"replies":[{"embeddable":true,"href":"https:\/\/www.lamapoll.de\/blog\/wp-json\/wp\/v2\/comments?post=21419"}],"version-history":[{"count":21,"href":"https:\/\/www.lamapoll.de\/blog\/wp-json\/wp\/v2\/posts\/21419\/revisions"}],"predecessor-version":[{"id":21579,"href":"https:\/\/www.lamapoll.de\/blog\/wp-json\/wp\/v2\/posts\/21419\/revisions\/21579"}],"wp:featuredmedia":[{"embeddable":true,"href":"https:\/\/www.lamapoll.de\/blog\/wp-json\/wp\/v2\/media\/21434"}],"wp:attachment":[{"href":"https:\/\/www.lamapoll.de\/blog\/wp-json\/wp\/v2\/media?parent=21419"}],"wp:term":[{"taxonomy":"category","embeddable":true,"href":"https:\/\/www.lamapoll.de\/blog\/wp-json\/wp\/v2\/categories?post=21419"},{"taxonomy":"post_tag","embeddable":true,"href":"https:\/\/www.lamapoll.de\/blog\/wp-json\/wp\/v2\/tags?post=21419"}],"curies":[{"name":"wp","href":"https:\/\/api.w.org\/{rel}","templated":true}]}}