{"id":20354,"date":"2025-07-01T10:18:56","date_gmt":"2025-07-01T08:18:56","guid":{"rendered":"https:\/\/www.lamapoll.de\/blog\/?p=20354"},"modified":"2025-07-01T10:19:01","modified_gmt":"2025-07-01T08:19:01","slug":"lamapoll-spende-an-karuna-e-v","status":"publish","type":"post","link":"https:\/\/www.lamapoll.de\/blog\/lamapoll-spende-an-karuna-e-v\/","title":{"rendered":"LamaPoll-Spende an KARUNA e.V."},"content":{"rendered":"\n<p>[<a href=\"#donation-karuna\">English version below<\/a>]<\/p>\n\n\n\n<p>Wir gehen nat\u00fcrlich nicht in die Sommerpause und spenden auch im Juli wieder 1.000 Euro an eine gemeinn\u00fctzige Organisation. F\u00fcr seine <a href=\"https:\/\/www.lamapoll.de\/\" target=\"_blank\" rel=\"noreferrer noopener\">LamaPoll<\/a>-Spende hat sich unser Software-Entwickler Pascoe <a href=\"https:\/\/cms.karuna-ev.de\/\" target=\"_blank\" rel=\"noreferrer noopener\">KARUNA  Zukunft f\u00fcr Kinder und Jugendliche in Not e.V.<\/a> ausgesucht. Seit der Gr\u00fcndung im Jahr 1990 in Berlin setzt der Verein den Fokus darauf, Kinder und Jugendliche verantwortungsvoll zu unterst\u00fctzen.<\/p>\n\n\n\n<p>Umsetzung finden die Ziele vor allem in den zahlreichen Bildungsprojekten wie Grund- oder Gemeinschaftsschulen, Kinderh\u00e4usern oder auch Einrichtungen und Beratungsstellen f\u00fcr suchtgef\u00e4hrdete und drogenkonsumierende Jugendliche und junge Erwachsene. Weitere integrale Aspekte der Nichtregierungsorganisation sind neben Inklusion und Integration und die F\u00f6rderung gesellschaftlicher Mitbestimmung. Alle Gr\u00fcnde, warum unser Mitarbeiter seine <a href=\"https:\/\/www.lamapoll.de\/blog\/category\/spende-des-monats\/\" target=\"_blank\" rel=\"noreferrer noopener\">Spende des Monats<\/a> an KARUNA e.V. vergeben hat, gibt es jetzt im Interview:<\/p>\n\n\n\n<p><strong>Wohin geht deine Spende des Monats?<\/strong><\/p>\n\n\n\n<p>Meine Spende geht an KARUNA e.V. Genauer gesagt an das Justus-Delbr\u00fcck-Haus I Akademie f\u00fcr Mitbestimmung im Bahnhof Jamlitz. <\/p>\n\n\n\n<p><strong>Warum hast du dir KARUNA e.V. als Spendenempf\u00e4nger ausgesucht?<\/strong><\/p>\n\n\n\n<p>Ich wollte, dass meine Spende an ein Projekt geht, das Kinder und Jugendliche unterst\u00fctzt. KARUNA e.V. wurde mir empfohlen, da der Verein \u00fcber die besten Voraussetzungen verf\u00fcgt, die Spende sinnvoll einzusetzen. <\/p>\n\n\n\n<p><strong>Warum besch\u00e4ftigen dich die Inhalte des Projekts? Engagierst du dich privat in diesem Bereich?<\/strong><\/p>\n\n\n\n<p>Nein, privat bin ich nicht involviert. Aber ich bin der Meinung, dass junge Leute heute unsere Zukunft formen. Und wenn wir sie au\u00dferdem dabei unterst\u00fctzen k\u00f6nnen, ihren Weg zu finden, wird das positive Auswirkungen haben. <\/p>\n\n\n\n<p><strong>Was erhoffst du dir von deiner Spende?<\/strong><\/p>\n\n\n\n<p>Mit meiner Spende m\u00f6chte ich mich an den anfallenden Kosten f\u00fcr Verpflegung, Unterbringung und wichtige Hygieneartikel beteiligen. <\/p>\n\n\n\n<p><strong>Was gef\u00e4llt dir an der LamaPoll-Aktion &#8222;Spende des Monats&#8220; besonders?<\/strong><\/p>\n\n\n\n<p>Ich finde die Spendenaktion gro\u00dfartig. Das ist eine sinnvolle M\u00f6glichkeit, etwas zur\u00fcckzugeben und Bed\u00fcrftige in Berlin zu unterst\u00fctzen. Da alle Mitarbeitenden ihre eigenen Anliegen verfolgen k\u00f6nnen, kommen die Spenden auch vielen verschiedenen Organisationen zugute und verteilen sich so bestm\u00f6glich.<\/p>\n\n\n\n<p><strong>Welche gemeinn\u00fctzigen Vereine\/Organisationen w\u00fcrdest du zus\u00e4tzlich unterst\u00fctzen wollen?<\/strong><\/p>\n\n\n\n<p>Ich w\u00fcrde zus\u00e4tzlich die Welttierschutzgesellschaft e.V. (WTG) unterst\u00fctzen. <\/p>\n\n\n\n<hr class=\"wp-block-separator has-alpha-channel-opacity\"\/>\n\n\n\n<h2 class=\"wp-block-heading\" id=\"donation-karuna\"><mark style=\"background-color:rgba(0, 0, 0, 0)\" class=\"has-inline-color has-black-color\">LamaPoll donation for KARUNA e.V.<\/mark><\/h2>\n\n\n\n<p>No, we&#8217;re not taking a summer break and will be donating 1.000 euros to a non-profit organization again in July. Our software developer Pascoe chose <a href=\"https:\/\/cms.karuna-ev.de\/\" target=\"_blank\" rel=\"noreferrer noopener\">KARUNA Zukunft f\u00fcr Kinder und Jugendliche in Not e.V.<\/a> for his <a href=\"https:\/\/www.lamapoll.de\/\" target=\"_blank\" rel=\"noreferrer noopener\">LamaPoll<\/a> donation. Since its founding in Berlin in 1990, the organization has focused on providing support to children and young people.<\/p>\n\n\n\n<p>These goals are implemented primarily through numerous educational projects, such as elementary and community schools, children&#8217;s daycare, and facilities and counseling centers for adolescents and young adults at risk of addiction and drug use. Other integral aspects of the non-governmental organization include inclusion and integration, as well as the promotion of social participation. All the reasons why our employee has awarded his donation of the month to KARUNA e.V. are now available in this interview:<\/p>\n\n\n\n<p><strong>To whom does your donation go?<\/strong><\/p>\n\n\n\n<p>KARUNA e.V. specifically Justus-Delbr\u00fcck-Haus I Akademie f\u00fcr Mitbestimmung im Bahnhof Jamlitz.<\/p>\n\n\n\n<p><strong>Why did you choose KARUNA e.V. for your donation?<\/strong><\/p>\n\n\n\n<p>I wanted to make the donation to a project that helps children and the youth. Karuna e.V. was recommended as they are well equipped to also put the donation to good use.<\/p>\n\n\n\n<p><strong>Why do you care about the work of your donation recipient? Are you personally involved in this area?<\/strong><\/p>\n\n\n\n<p>No, I am not involved. I believe that the young people of today will shape the future. If we can support them and help them find their feet, that impact will hopefully be a positive one.<\/p>\n\n\n\n<p><strong>What do you hope is going to happen with your donation?<\/strong><\/p>\n\n\n\n<p>I hope my donation will help cover the costs of providing food, shelter, and essential hygiene items.<\/p>\n\n\n\n<p><strong>What do you particularly like about the LamaPoll \u201eDonation of the Month\u201c campaign?<\/strong><\/p>\n\n\n\n<p>I think it\u2019s a great initiative. It\u2019s a meaningful way of giving back and support those in need around Berlin. Since each employee has their own causes they care about most, the donations reach a variety of organizations. And if not, we make sure to distribute the support as evenly as possible.<\/p>\n\n\n\n<p><strong>Which non-profit or association would you generally like to support additionally?<\/strong><\/p>\n\n\n\n<p>I would also support the Welttierschutzgesellschaft e.V. (WTG).<\/p>\n","protected":false},"excerpt":{"rendered":"<p>[English version below] Wir gehen nat\u00fcrlich nicht in die Sommerpause und spenden auch im Juli wieder 1.000 Euro an eine gemeinn\u00fctzige Organisation. F\u00fcr seine LamaPoll-Spende hat sich unser Software-Entwickler Pascoe KARUNA Zukunft f\u00fcr Kinder und Jugendliche in Not e.V. ausgesucht. Seit der Gr\u00fcndung im Jahr 1990 in Berlin setzt der Verein den Fokus darauf, Kinder [&hellip;]<\/p>\n","protected":false},"author":1,"featured_media":20360,"comment_status":"open","ping_status":"open","sticky":false,"template":"","format":"standard","meta":{"footnotes":""},"categories":[1,1628],"tags":[1624,1627,1626],"class_list":["post-20354","post","type-post","status-publish","format-standard","has-post-thumbnail","hentry","category-feedbackmanagement","category-spende-des-monats","tag-lamapoll-unternehmensspende","tag-mitarbeiter-spenden-fuer-gute-zwecke","tag-spendenaktion"],"_links":{"self":[{"href":"https:\/\/www.lamapoll.de\/blog\/wp-json\/wp\/v2\/posts\/20354","targetHints":{"allow":["GET"]}}],"collection":[{"href":"https:\/\/www.lamapoll.de\/blog\/wp-json\/wp\/v2\/posts"}],"about":[{"href":"https:\/\/www.lamapoll.de\/blog\/wp-json\/wp\/v2\/types\/post"}],"author":[{"embeddable":true,"href":"https:\/\/www.lamapoll.de\/blog\/wp-json\/wp\/v2\/users\/1"}],"replies":[{"embeddable":true,"href":"https:\/\/www.lamapoll.de\/blog\/wp-json\/wp\/v2\/comments?post=20354"}],"version-history":[{"count":14,"href":"https:\/\/www.lamapoll.de\/blog\/wp-json\/wp\/v2\/posts\/20354\/revisions"}],"predecessor-version":[{"id":20816,"href":"https:\/\/www.lamapoll.de\/blog\/wp-json\/wp\/v2\/posts\/20354\/revisions\/20816"}],"wp:featuredmedia":[{"embeddable":true,"href":"https:\/\/www.lamapoll.de\/blog\/wp-json\/wp\/v2\/media\/20360"}],"wp:attachment":[{"href":"https:\/\/www.lamapoll.de\/blog\/wp-json\/wp\/v2\/media?parent=20354"}],"wp:term":[{"taxonomy":"category","embeddable":true,"href":"https:\/\/www.lamapoll.de\/blog\/wp-json\/wp\/v2\/categories?post=20354"},{"taxonomy":"post_tag","embeddable":true,"href":"https:\/\/www.lamapoll.de\/blog\/wp-json\/wp\/v2\/tags?post=20354"}],"curies":[{"name":"wp","href":"https:\/\/api.w.org\/{rel}","templated":true}]}}