{"id":19874,"date":"2025-07-18T09:02:57","date_gmt":"2025-07-18T07:02:57","guid":{"rendered":"https:\/\/www.lamapoll.de\/blog\/?p=19874"},"modified":"2025-07-18T09:03:08","modified_gmt":"2025-07-18T07:03:08","slug":"laesst-sich-die-breite-meines-fragebogens-anpassen","status":"publish","type":"post","link":"https:\/\/www.lamapoll.de\/blog\/laesst-sich-die-breite-meines-fragebogens-anpassen\/","title":{"rendered":"L\u00e4sst sich die Breite meines Fragebogens anpassen?"},"content":{"rendered":"\n<p>Ja, das ist m\u00f6glich, Sie k\u00f6nnen die Breite Ihres Fragebogens beliebig anpassen. Klicken Sie dazu zun\u00e4chst auf den Men\u00fcpunkt &#8222;Design&#8220;, der sich oben links neben &#8222;Farben&#8220;, &#8222;CSS&#8220; und der &#8222;Validierung&#8220; befindet (siehe Abbildung 1).<\/p>\n\n\n\n<figure class=\"wp-block-image size-large\"><a href=\"https:\/\/www.lamapoll.de\/blog\/wp-content\/uploads\/2025\/06\/breite_design_lamapoll.png\"><img loading=\"lazy\" decoding=\"async\" width=\"1024\" height=\"464\" src=\"https:\/\/www.lamapoll.de\/blog\/wp-content\/uploads\/2025\/06\/breite_design_lamapoll-1024x464.png\" alt=\"\" class=\"wp-image-20012\" srcset=\"https:\/\/www.lamapoll.de\/blog\/wp-content\/uploads\/2025\/06\/breite_design_lamapoll-1024x464.png 1024w, https:\/\/www.lamapoll.de\/blog\/wp-content\/uploads\/2025\/06\/breite_design_lamapoll-300x136.png 300w, https:\/\/www.lamapoll.de\/blog\/wp-content\/uploads\/2025\/06\/breite_design_lamapoll-768x348.png 768w, https:\/\/www.lamapoll.de\/blog\/wp-content\/uploads\/2025\/06\/breite_design_lamapoll.png 1471w\" sizes=\"auto, (max-width: 1024px) 100vw, 1024px\" \/><\/a><figcaption class=\"wp-element-caption\"><em>Abb. 1 &#8211; Klicken Sie auf den Men\u00fcpunkt &#8222;Design&#8220;, um die Einstellungen zur Breite zu finden. <\/em><\/figcaption><\/figure>\n\n\n\n<p>Standardm\u00e4\u00dfig ist die Breite des Fragebogens auf 1.000 Pixel eingestellt. Sie haben jedoch die M\u00f6glichkeit, die Zahl und damit den Fragebogen zu vergr\u00f6\u00dfern oder zu verkleinern. Nachfolgend zeigen wir Ihnen drei Beispiele f\u00fcr verschiedene Breite-Optionen:<\/p>\n\n\n\n<figure class=\"wp-block-image size-large\"><a href=\"https:\/\/www.lamapoll.de\/blog\/wp-content\/uploads\/2025\/06\/breite_standard_lamapoll.png\"><img loading=\"lazy\" decoding=\"async\" width=\"1024\" height=\"386\" src=\"https:\/\/www.lamapoll.de\/blog\/wp-content\/uploads\/2025\/06\/breite_standard_lamapoll-1024x386.png\" alt=\"\" class=\"wp-image-20021\" srcset=\"https:\/\/www.lamapoll.de\/blog\/wp-content\/uploads\/2025\/06\/breite_standard_lamapoll-1024x386.png 1024w, https:\/\/www.lamapoll.de\/blog\/wp-content\/uploads\/2025\/06\/breite_standard_lamapoll-300x113.png 300w, https:\/\/www.lamapoll.de\/blog\/wp-content\/uploads\/2025\/06\/breite_standard_lamapoll-768x290.png 768w, https:\/\/www.lamapoll.de\/blog\/wp-content\/uploads\/2025\/06\/breite_standard_lamapoll-1536x579.png 1536w, https:\/\/www.lamapoll.de\/blog\/wp-content\/uploads\/2025\/06\/breite_standard_lamapoll.png 1845w\" sizes=\"auto, (max-width: 1024px) 100vw, 1024px\" \/><\/a><figcaption class=\"wp-element-caption\"><em>Abb. 2 &#8211; Standard: Ein Textblock mit der Breite von 1.000 px.<\/em><\/figcaption><\/figure>\n\n\n\n<figure class=\"wp-block-image size-large\"><a href=\"https:\/\/www.lamapoll.de\/blog\/wp-content\/uploads\/2025\/06\/breite_vergroessert_lamapoll.png\"><img loading=\"lazy\" decoding=\"async\" width=\"1024\" height=\"353\" src=\"https:\/\/www.lamapoll.de\/blog\/wp-content\/uploads\/2025\/06\/breite_vergroessert_lamapoll-1024x353.png\" alt=\"\" class=\"wp-image-20024\" srcset=\"https:\/\/www.lamapoll.de\/blog\/wp-content\/uploads\/2025\/06\/breite_vergroessert_lamapoll-1024x353.png 1024w, https:\/\/www.lamapoll.de\/blog\/wp-content\/uploads\/2025\/06\/breite_vergroessert_lamapoll-300x104.png 300w, https:\/\/www.lamapoll.de\/blog\/wp-content\/uploads\/2025\/06\/breite_vergroessert_lamapoll-768x265.png 768w, https:\/\/www.lamapoll.de\/blog\/wp-content\/uploads\/2025\/06\/breite_vergroessert_lamapoll-1536x530.png 1536w, https:\/\/www.lamapoll.de\/blog\/wp-content\/uploads\/2025\/06\/breite_vergroessert_lamapoll.png 1875w\" sizes=\"auto, (max-width: 1024px) 100vw, 1024px\" \/><\/a><figcaption class=\"wp-element-caption\">Abb. 3 &#8211; Ein Textblock mit einer Breite von 2.000 px.<\/figcaption><\/figure>\n\n\n\n<figure class=\"wp-block-image size-large\"><a href=\"https:\/\/www.lamapoll.de\/blog\/wp-content\/uploads\/2025\/06\/breite-verkleinert-lamapoll.png\"><img loading=\"lazy\" decoding=\"async\" width=\"1024\" height=\"429\" src=\"https:\/\/www.lamapoll.de\/blog\/wp-content\/uploads\/2025\/06\/breite-verkleinert-lamapoll-1024x429.png\" alt=\"\" class=\"wp-image-20027\" srcset=\"https:\/\/www.lamapoll.de\/blog\/wp-content\/uploads\/2025\/06\/breite-verkleinert-lamapoll-1024x429.png 1024w, https:\/\/www.lamapoll.de\/blog\/wp-content\/uploads\/2025\/06\/breite-verkleinert-lamapoll-300x126.png 300w, https:\/\/www.lamapoll.de\/blog\/wp-content\/uploads\/2025\/06\/breite-verkleinert-lamapoll-768x322.png 768w, https:\/\/www.lamapoll.de\/blog\/wp-content\/uploads\/2025\/06\/breite-verkleinert-lamapoll-1536x644.png 1536w, https:\/\/www.lamapoll.de\/blog\/wp-content\/uploads\/2025\/06\/breite-verkleinert-lamapoll.png 1832w\" sizes=\"auto, (max-width: 1024px) 100vw, 1024px\" \/><\/a><figcaption class=\"wp-element-caption\"><em>Abb. 4 &#8211;  Ein Textblock mit einer Breite von 500 px.<\/em><\/figcaption><\/figure>\n\n\n\n<p>Wenn Sie die Breite anpassen, zum Beispiel um die Lesbarkeit l\u00e4ngerer Textpassagen zu erh\u00f6hen oder mehr Raum f\u00fcr detaillierte Hintergrundbilder zu schaffen, k\u00f6nnen Sie anschlie\u00dfend im Vorschau-Modus die \u00c4nderung \u00fcberpr\u00fcfen. Klicken Sie sich dabei auch durch die verschiedenen Ansichten (Desktop, Tablet und Smartphone), um sicherzugehen, dass Ihre \u00c4nderungen auf jedem Device gut zur Geltung kommen. \u00dcbrigens: Die Frageb\u00f6gen sind grunds\u00e4tzlich responsiv und damit f\u00fcr Mobilger\u00e4te geeignet, auch wenn Sie die Breite f\u00fcr die Desktop-Variante \u00e4ndern.<\/p>\n\n\n\n<p>Weitere M\u00f6glichkeiten, Ihre Umfrage individuell zu designen, finden Sie hier: <a href=\"https:\/\/help.lamapoll.de\/Features\/Erstellen\/Design-Funktionen\" target=\"_blank\" rel=\"noreferrer noopener\">Design Funktionen<\/a><\/p>\n","protected":false},"excerpt":{"rendered":"<p>Ja, das ist m\u00f6glich, Sie k\u00f6nnen die Breite Ihres Fragebogens beliebig anpassen. Klicken Sie dazu zun\u00e4chst auf den Men\u00fcpunkt &#8222;Design&#8220;, der sich oben links neben &#8222;Farben&#8220;, &#8222;CSS&#8220; und der &#8222;Validierung&#8220; befindet (siehe Abbildung 1). Standardm\u00e4\u00dfig ist die Breite des Fragebogens auf 1.000 Pixel eingestellt. Sie haben jedoch die M\u00f6glichkeit, die Zahl und damit den Fragebogen [&hellip;]<\/p>\n","protected":false},"author":1,"featured_media":1434,"comment_status":"open","ping_status":"open","sticky":false,"template":"","format":"standard","meta":{"footnotes":""},"categories":[1,156],"tags":[2516,1256,1258],"class_list":["post-19874","post","type-post","status-publish","format-standard","has-post-thumbnail","hentry","category-feedbackmanagement","category-frage-der-woche","tag-fragebogen-breite-aendern","tag-fragebogen-design-aendern","tag-umfrage-design-aendern"],"_links":{"self":[{"href":"https:\/\/www.lamapoll.de\/blog\/wp-json\/wp\/v2\/posts\/19874","targetHints":{"allow":["GET"]}}],"collection":[{"href":"https:\/\/www.lamapoll.de\/blog\/wp-json\/wp\/v2\/posts"}],"about":[{"href":"https:\/\/www.lamapoll.de\/blog\/wp-json\/wp\/v2\/types\/post"}],"author":[{"embeddable":true,"href":"https:\/\/www.lamapoll.de\/blog\/wp-json\/wp\/v2\/users\/1"}],"replies":[{"embeddable":true,"href":"https:\/\/www.lamapoll.de\/blog\/wp-json\/wp\/v2\/comments?post=19874"}],"version-history":[{"count":14,"href":"https:\/\/www.lamapoll.de\/blog\/wp-json\/wp\/v2\/posts\/19874\/revisions"}],"predecessor-version":[{"id":21244,"href":"https:\/\/www.lamapoll.de\/blog\/wp-json\/wp\/v2\/posts\/19874\/revisions\/21244"}],"wp:featuredmedia":[{"embeddable":true,"href":"https:\/\/www.lamapoll.de\/blog\/wp-json\/wp\/v2\/media\/1434"}],"wp:attachment":[{"href":"https:\/\/www.lamapoll.de\/blog\/wp-json\/wp\/v2\/media?parent=19874"}],"wp:term":[{"taxonomy":"category","embeddable":true,"href":"https:\/\/www.lamapoll.de\/blog\/wp-json\/wp\/v2\/categories?post=19874"},{"taxonomy":"post_tag","embeddable":true,"href":"https:\/\/www.lamapoll.de\/blog\/wp-json\/wp\/v2\/tags?post=19874"}],"curies":[{"name":"wp","href":"https:\/\/api.w.org\/{rel}","templated":true}]}}