{"id":19814,"date":"2025-06-17T12:25:39","date_gmt":"2025-06-17T10:25:39","guid":{"rendered":"https:\/\/www.lamapoll.de\/blog\/?p=19814"},"modified":"2025-06-17T12:50:11","modified_gmt":"2025-06-17T10:50:11","slug":"spende-des-monats-kommt-vista-berlin-zugute","status":"publish","type":"post","link":"https:\/\/www.lamapoll.de\/blog\/spende-des-monats-kommt-vista-berlin-zugute\/","title":{"rendered":"Spende des Monats kommt vista Berlin zugute"},"content":{"rendered":"\n<p>Im Juni darf sich <a href=\"https:\/\/vistaberlin.de\/\" target=\"_blank\" rel=\"noreferrer noopener\">vista Berlin<\/a> \u00fcber unsere <a href=\"https:\/\/www.lamapoll.de\/blog\/category\/spende-des-monats\/\" target=\"_blank\" rel=\"noreferrer noopener\">Spende des Monats<\/a> freuen. Denn damit gehen 1.000 Euro an den Verbund f\u00fcr integrative soziale und therapeutische Arbeit, der sich bereits seit 2006 schwerpunktm\u00e4\u00dfig im Bereich Substanzkonsum engagiert. vista unterh\u00e4lt mittlerweile 15 Standorte innerhalb Berlins und legt den Fokus auf unterst\u00fctzende und beratende Hilfeleistungen f\u00fcr Menschen in psychosozialen Notlagen. Die Leistungen und Betreuungsangebote reichen von Drogennotfalltrainings und <a href=\"https:\/\/vistaberlin.de\/drugchecking\" target=\"_blank\" rel=\"noreferrer noopener\">Drugchecking<\/a> \u00fcber Gespr\u00e4chsgruppen bis hin zu Wohnprojekten und medizinischer Unterst\u00fctzung. vista betreibt au\u00dferdem die Einrichtung Misfit \u2013 eine Drogen- und Suchtberatung in Friedrichshain-Kreuzberg, die sich sowohl an Menschen mit Beratungsbedarf als auch an deren Angeh\u00f6rige richtet.<\/p>\n\n\n\n<p>Das ist mittlerweile schon die zweite <a href=\"https:\/\/www.lamapoll.de\/\" target=\"_blank\" rel=\"noreferrer noopener\">LamaPoll<\/a>-Spende, die unser Mitarbeiter Marc im Rahmen der Spendenaktion an vista Berlin vergibt. Warum ihm das Thema am Herzen liegt und wieso er sich erneut f\u00fcr den Verbund entschieden hat, erfahrt Ihr im Folgenden:<\/p>\n\n\n\n<p><strong>Wohin geht deine Spende des Monats?<\/strong><\/p>\n\n\n\n<p>Meine Spende geht an vista Berlin.<\/p>\n\n\n\n<p><strong>Warum hast du dir vista Berlin als Spendenempf\u00e4nger ausgesucht?<\/strong><\/p>\n\n\n\n<p>Ich spende an vista Berlin, weil ich fest daran glaube, dass jeder Mensch eine zweite Chance verdient und Unterst\u00fctzung auf dem Weg zu einem ges\u00fcnderen Leben bekommen sollte.<\/p>\n\n\n\n<p><strong>Warum besch\u00e4ftigen dich die Inhalte des Projekts? Engagierst du dich privat in diesem Bereich?<\/strong><\/p>\n\n\n\n<p>Mich besch\u00e4ftigen die Inhalte des Projekts von vista Berlin zutiefst, weil sie ein grundlegendes gesellschaftliches Problem angehen, das oft stigmatisiert und unsichtbar bleibt.<\/p>\n\n\n\n<p><strong>Was erhoffst du dir von deiner Spende?<\/strong><\/p>\n\n\n\n<p>Mit der Spende erhoffe ich mir vor allem konkrete und nachhaltig positive Auswirkungen im Leben der Menschen.<\/p>\n\n\n\n<p><strong>Was gef\u00e4llt dir besonders an der LamaPoll-Aktion &#8222;Spende des Monats'&#8220;?<\/strong><\/p>\n\n\n\n<p>Es ist eine sch\u00f6ne M\u00f6glichkeit, der Gesellschaft etwas zur\u00fcckzugeben. <\/p>\n","protected":false},"excerpt":{"rendered":"<p>Im Juni darf sich vista Berlin \u00fcber unsere Spende des Monats freuen. Denn damit gehen 1.000 Euro an den Verbund f\u00fcr integrative soziale und therapeutische Arbeit, der sich bereits seit 2006 schwerpunktm\u00e4\u00dfig im Bereich Substanzkonsum engagiert. vista unterh\u00e4lt mittlerweile 15 Standorte innerhalb Berlins und legt den Fokus auf unterst\u00fctzende und beratende Hilfeleistungen f\u00fcr Menschen in [&hellip;]<\/p>\n","protected":false},"author":1,"featured_media":19817,"comment_status":"open","ping_status":"open","sticky":false,"template":"","format":"standard","meta":{"footnotes":""},"categories":[1,1628],"tags":[1624,1627,1626],"class_list":["post-19814","post","type-post","status-publish","format-standard","has-post-thumbnail","hentry","category-feedbackmanagement","category-spende-des-monats","tag-lamapoll-unternehmensspende","tag-mitarbeiter-spenden-fuer-gute-zwecke","tag-spendenaktion"],"_links":{"self":[{"href":"https:\/\/www.lamapoll.de\/blog\/wp-json\/wp\/v2\/posts\/19814","targetHints":{"allow":["GET"]}}],"collection":[{"href":"https:\/\/www.lamapoll.de\/blog\/wp-json\/wp\/v2\/posts"}],"about":[{"href":"https:\/\/www.lamapoll.de\/blog\/wp-json\/wp\/v2\/types\/post"}],"author":[{"embeddable":true,"href":"https:\/\/www.lamapoll.de\/blog\/wp-json\/wp\/v2\/users\/1"}],"replies":[{"embeddable":true,"href":"https:\/\/www.lamapoll.de\/blog\/wp-json\/wp\/v2\/comments?post=19814"}],"version-history":[{"count":8,"href":"https:\/\/www.lamapoll.de\/blog\/wp-json\/wp\/v2\/posts\/19814\/revisions"}],"predecessor-version":[{"id":20156,"href":"https:\/\/www.lamapoll.de\/blog\/wp-json\/wp\/v2\/posts\/19814\/revisions\/20156"}],"wp:featuredmedia":[{"embeddable":true,"href":"https:\/\/www.lamapoll.de\/blog\/wp-json\/wp\/v2\/media\/19817"}],"wp:attachment":[{"href":"https:\/\/www.lamapoll.de\/blog\/wp-json\/wp\/v2\/media?parent=19814"}],"wp:term":[{"taxonomy":"category","embeddable":true,"href":"https:\/\/www.lamapoll.de\/blog\/wp-json\/wp\/v2\/categories?post=19814"},{"taxonomy":"post_tag","embeddable":true,"href":"https:\/\/www.lamapoll.de\/blog\/wp-json\/wp\/v2\/tags?post=19814"}],"curies":[{"name":"wp","href":"https:\/\/api.w.org\/{rel}","templated":true}]}}