{"id":19640,"date":"2025-05-27T13:09:23","date_gmt":"2025-05-27T11:09:23","guid":{"rendered":"https:\/\/www.lamapoll.de\/blog\/?p=19640"},"modified":"2025-05-27T13:09:27","modified_gmt":"2025-05-27T11:09:27","slug":"update-zur-lamapoll-spende-gartenprojekt-in-kita-nimmt-form-an","status":"publish","type":"post","link":"https:\/\/www.lamapoll.de\/blog\/update-zur-lamapoll-spende-gartenprojekt-in-kita-nimmt-form-an\/","title":{"rendered":"Update zur LamaPoll-Spende: Gartenprojekt in Kita nimmt Form an"},"content":{"rendered":"\n<p>Im vergangenen September gingen 500 Euro im Rahmen der <a href=\"https:\/\/www.lamapoll.de\/\" target=\"_blank\" rel=\"noreferrer noopener\">LamaPoll<\/a>&#8211;<a href=\"https:\/\/www.lamapoll.de\/blog\/category\/spende-des-monats\/\" target=\"_blank\" rel=\"noreferrer noopener\">Spende des Monats<\/a> an die <a href=\"https:\/\/www.casabambini-berlin.de\/unsere-kitas\/jacoby-schwalbe-mitte\" target=\"_blank\" rel=\"noreferrer noopener\">Kita Jacoby-Schwalbe<\/a>. Die Idee, diese Spendensumme an die Kita im Alexanderplatzviertel in Berlin Mitte zu \u00fcbergeben, kam von unserer Account-Managerin Doreen. Schnell entschied sich die Kita-Leitung, das Spendengeld f\u00fcr ein Gartenprojekt zu nutzen und einen H\u00fcgel im Kitagarten mit Weiden und anderen Str\u00e4uchern zu begr\u00fcnen.<\/p>\n\n\n<div class=\"wp-block-image\">\n<figure class=\"alignright is-resized\"><a href=\"https:\/\/www.lamapoll.de\/blog\/wp-content\/uploads\/2024\/11\/Gartenprojekt-Kita-Jacoby-Schwalbe-2-rotated.jpg\"><img loading=\"lazy\" decoding=\"async\" width=\"480\" height=\"640\" src=\"https:\/\/www.lamapoll.de\/blog\/wp-content\/uploads\/2024\/11\/Gartenprojekt-Kita-Jacoby-Schwalbe-2-rotated.jpg\" alt=\"\" class=\"wp-image-13768\" style=\"width:233px;height:auto\" srcset=\"https:\/\/www.lamapoll.de\/blog\/wp-content\/uploads\/2024\/11\/Gartenprojekt-Kita-Jacoby-Schwalbe-2-rotated.jpg 480w, https:\/\/www.lamapoll.de\/blog\/wp-content\/uploads\/2024\/11\/Gartenprojekt-Kita-Jacoby-Schwalbe-2-225x300.jpg 225w\" sizes=\"auto, (max-width: 480px) 100vw, 480px\" \/><\/a><\/figure>\n<\/div>\n\n\n<p>Seitdem hat sich einiges getan: So wurden bereits im November 2024 die ersten Weidenstr\u00e4ucher gepflanzt, die sich dank der liebevollen Pflege der Kids bester Gesundheit erfreuen und langsam, aber sicher Form annehmen. <\/p>\n\n\n\n<p>Geplant ist, dass die Str\u00e4ucher im Laufe der Zeit ein h\u00f6hlenartiges Geflecht bilden, unter dem die Kinder spielen k\u00f6nnen. Aktuell ist der kleine H\u00fcgel, um den die Str\u00e4ucher gepflanzt wurden, abgesperrt (s.o.), damit das Gartenprojekt wachsen und gedeihen kann. <\/p>\n\n\n\n<p>Wir sind gespannt, wie es in den Sommer- und Herbstmonaten weitergeht und w\u00fcnschen der Kita gutes Gelingen, allen Kids und Kita-Mitarbeitenden viel Freude beim Beobachten des Fortschritts und allzeit einen gr\u00fcnen Daumen.<\/p>\n\n\n\n<figure class=\"wp-block-image size-large\"><a href=\"https:\/\/www.lamapoll.de\/blog\/wp-content\/uploads\/2024\/11\/Kita-Garten.jpg\"><img loading=\"lazy\" decoding=\"async\" width=\"1024\" height=\"460\" src=\"https:\/\/www.lamapoll.de\/blog\/wp-content\/uploads\/2024\/11\/Kita-Garten-1024x460.jpg\" alt=\"\" class=\"wp-image-13795\" srcset=\"https:\/\/www.lamapoll.de\/blog\/wp-content\/uploads\/2024\/11\/Kita-Garten-1024x460.jpg 1024w, https:\/\/www.lamapoll.de\/blog\/wp-content\/uploads\/2024\/11\/Kita-Garten-300x135.jpg 300w, https:\/\/www.lamapoll.de\/blog\/wp-content\/uploads\/2024\/11\/Kita-Garten-768x345.jpg 768w, https:\/\/www.lamapoll.de\/blog\/wp-content\/uploads\/2024\/11\/Kita-Garten.jpg 1181w\" sizes=\"auto, (max-width: 1024px) 100vw, 1024px\" \/><\/a><figcaption class=\"wp-element-caption\"><em>Fotos: Kita Jacoby-Schwalbe \u2013 So sah der Kita-Garten zu Beginn der Weidenbepflanzung im Herbst 2024 aus. Im Beitragsbild oben sehen Sie den Ist-Zustand.<\/em><\/figcaption><\/figure>\n\n\n\n<p><\/p>\n","protected":false},"excerpt":{"rendered":"<p>Im vergangenen September gingen 500 Euro im Rahmen der LamaPoll&#8211;Spende des Monats an die Kita Jacoby-Schwalbe. Die Idee, diese Spendensumme an die Kita im Alexanderplatzviertel in Berlin Mitte zu \u00fcbergeben, kam von unserer Account-Managerin Doreen. Schnell entschied sich die Kita-Leitung, das Spendengeld f\u00fcr ein Gartenprojekt zu nutzen und einen H\u00fcgel im Kitagarten mit Weiden und [&hellip;]<\/p>\n","protected":false},"author":1,"featured_media":19673,"comment_status":"open","ping_status":"open","sticky":false,"template":"","format":"standard","meta":{"footnotes":""},"categories":[1,1628],"tags":[1624,1627,1639],"class_list":["post-19640","post","type-post","status-publish","format-standard","has-post-thumbnail","hentry","category-feedbackmanagement","category-spende-des-monats","tag-lamapoll-unternehmensspende","tag-mitarbeiter-spenden-fuer-gute-zwecke","tag-spende-des-monats"],"_links":{"self":[{"href":"https:\/\/www.lamapoll.de\/blog\/wp-json\/wp\/v2\/posts\/19640","targetHints":{"allow":["GET"]}}],"collection":[{"href":"https:\/\/www.lamapoll.de\/blog\/wp-json\/wp\/v2\/posts"}],"about":[{"href":"https:\/\/www.lamapoll.de\/blog\/wp-json\/wp\/v2\/types\/post"}],"author":[{"embeddable":true,"href":"https:\/\/www.lamapoll.de\/blog\/wp-json\/wp\/v2\/users\/1"}],"replies":[{"embeddable":true,"href":"https:\/\/www.lamapoll.de\/blog\/wp-json\/wp\/v2\/comments?post=19640"}],"version-history":[{"count":11,"href":"https:\/\/www.lamapoll.de\/blog\/wp-json\/wp\/v2\/posts\/19640\/revisions"}],"predecessor-version":[{"id":19679,"href":"https:\/\/www.lamapoll.de\/blog\/wp-json\/wp\/v2\/posts\/19640\/revisions\/19679"}],"wp:featuredmedia":[{"embeddable":true,"href":"https:\/\/www.lamapoll.de\/blog\/wp-json\/wp\/v2\/media\/19673"}],"wp:attachment":[{"href":"https:\/\/www.lamapoll.de\/blog\/wp-json\/wp\/v2\/media?parent=19640"}],"wp:term":[{"taxonomy":"category","embeddable":true,"href":"https:\/\/www.lamapoll.de\/blog\/wp-json\/wp\/v2\/categories?post=19640"},{"taxonomy":"post_tag","embeddable":true,"href":"https:\/\/www.lamapoll.de\/blog\/wp-json\/wp\/v2\/tags?post=19640"}],"curies":[{"name":"wp","href":"https:\/\/api.w.org\/{rel}","templated":true}]}}