{"id":13213,"date":"2024-11-01T10:06:17","date_gmt":"2024-11-01T08:06:17","guid":{"rendered":"https:\/\/www.lamapoll.de\/blog\/?p=13213"},"modified":"2024-11-05T13:04:27","modified_gmt":"2024-11-05T11:04:27","slug":"lamapoll-spende-an-anderes-sehen-e-v","status":"publish","type":"post","link":"https:\/\/www.lamapoll.de\/blog\/lamapoll-spende-an-anderes-sehen-e-v\/","title":{"rendered":"LamaPoll-Spende an Anderes Sehen e.V."},"content":{"rendered":"\n<p>Auch im November gibt es wieder eine <a href=\"https:\/\/www.lamapoll.de\/blog\/category\/spende-des-monats\/\" target=\"_blank\" rel=\"noreferrer noopener\">Spende des Monats<\/a> in H\u00f6he von 1.000 Euro. Die Spendensumme, die unser Software-Entwickler Tobias vergeben durfte, geht dabei an <a href=\"https:\/\/www.anderes-sehen.de\/\" target=\"_blank\" rel=\"noreferrer noopener\">Anderes Sehen e.V.<\/a> &#8211; ein gemeinn\u00fctziges Projekt aus Berlin, das sich seit seiner Gr\u00fcndung im Jahr 2011 f\u00fcr die F\u00f6rderung von blinden Kindern stark macht. Ins Leben gerufen wurde die Organisation von Ellen Schweizer und Steffen Zimmermann, die als Eltern eines blinden Kindes erfahren mussten, wie \u00fcberschaubar und wenig kindgerecht die Hilfen und F\u00f6rderangebote f\u00fcr Betroffene ausfielen.<\/p>\n\n\n\n<p>Dank des Vereins konnten unter anderem der Einsatz des Klicksonars sowie die Nutzung von Blindenst\u00f6cken f\u00fcr Kinder unter f\u00fcnf Jahren gef\u00f6rdert werden. Zus\u00e4tzlich wurden erstmalig inklusive, frei zug\u00e4ngliche und taktil illustrierte B\u00fccher f\u00fcr blinde Kinder publiziert. Warum sich unser Mitarbeiter f\u00fcr seine <a href=\"https:\/\/www.lamapoll.de\/\" target=\"_blank\" rel=\"noreferrer noopener\">LamaPoll<\/a>-Spende letztlich f\u00fcr Anderes Sehen e.V. entschieden hat, lesen Sie im folgenden Interview. <\/p>\n\n\n\n<p><strong>Wohin geht deine Spende des Monats?<\/strong><\/p>\n\n\n\n<p>An den Verein &#8222;Anderes Sehen&#8220; &#8211; Zur F\u00f6rderung blinder Kinder.<\/p>\n\n\n\n<p><strong>Warum hast du dir Anderes Sehen e.V. als Spendenempf\u00e4nger ausgesucht?<\/strong><\/p>\n\n\n\n<p>Weil ich die Erstellung von B\u00fcchern f\u00fcr blinde Kinder f\u00fcr ein Vorhaben halte, das blinde Kinder f\u00f6rdert, den Kindern gleichzeitig Freude bereitet und auch den Eltern eine Erleichterung bietet. Zudem handelt es sich um ein nachhaltiges Projekt, das hoffentlich vielen Kindern auch noch in Jahrzehnten zugute kommt.<\/p>\n\n\n\n<p><strong>Warum besch\u00e4ftigen dich die Inhalte des Projekts? Engagierst du dich privat in diesem Bereich?<\/strong><\/p>\n\n\n\n<p>Als Mensch ohne Sehbeeintr\u00e4chtigung ist es sehr schwer, sich eine Kindheit mit Blindheit oder Sehbehinderung und den damit verbundenen Herausforderungen vorzustellen. Es ist daher sehr sch\u00f6n, durch die Spende einen kleinen Beitrag zur F\u00f6rderung der Kinder leisten zu k\u00f6nnen.<\/p>\n\n\n\n<p><strong>Was erhoffst du dir von deiner Spende?<\/strong><\/p>\n\n\n\n<p>Erfolg bei der Umsetzung des Projekts und der Arbeit des Vereins und viel Freude bei allen, die die B\u00fccher in den H\u00e4nden halten werden. <\/p>\n\n\n\n<p><\/p>\n\n\n\n<p><em>\u00a9 Foto: Anderes Sehen e.V.<\/em><\/p>\n","protected":false},"excerpt":{"rendered":"<p>Auch im November gibt es wieder eine Spende des Monats in H\u00f6he von 1.000 Euro. Die Spendensumme, die unser Software-Entwickler Tobias vergeben durfte, geht dabei an Anderes Sehen e.V. &#8211; ein gemeinn\u00fctziges Projekt aus Berlin, das sich seit seiner Gr\u00fcndung im Jahr 2011 f\u00fcr die F\u00f6rderung von blinden Kindern stark macht. Ins Leben gerufen wurde [&hellip;]<\/p>\n","protected":false},"author":1,"featured_media":13922,"comment_status":"open","ping_status":"open","sticky":false,"template":"","format":"standard","meta":{"footnotes":""},"categories":[1,1628],"tags":[1624,1627,1626],"class_list":["post-13213","post","type-post","status-publish","format-standard","has-post-thumbnail","hentry","category-feedbackmanagement","category-spende-des-monats","tag-lamapoll-unternehmensspende","tag-mitarbeiter-spenden-fuer-gute-zwecke","tag-spendenaktion"],"_links":{"self":[{"href":"https:\/\/www.lamapoll.de\/blog\/wp-json\/wp\/v2\/posts\/13213","targetHints":{"allow":["GET"]}}],"collection":[{"href":"https:\/\/www.lamapoll.de\/blog\/wp-json\/wp\/v2\/posts"}],"about":[{"href":"https:\/\/www.lamapoll.de\/blog\/wp-json\/wp\/v2\/types\/post"}],"author":[{"embeddable":true,"href":"https:\/\/www.lamapoll.de\/blog\/wp-json\/wp\/v2\/users\/1"}],"replies":[{"embeddable":true,"href":"https:\/\/www.lamapoll.de\/blog\/wp-json\/wp\/v2\/comments?post=13213"}],"version-history":[{"count":8,"href":"https:\/\/www.lamapoll.de\/blog\/wp-json\/wp\/v2\/posts\/13213\/revisions"}],"predecessor-version":[{"id":13979,"href":"https:\/\/www.lamapoll.de\/blog\/wp-json\/wp\/v2\/posts\/13213\/revisions\/13979"}],"wp:featuredmedia":[{"embeddable":true,"href":"https:\/\/www.lamapoll.de\/blog\/wp-json\/wp\/v2\/media\/13922"}],"wp:attachment":[{"href":"https:\/\/www.lamapoll.de\/blog\/wp-json\/wp\/v2\/media?parent=13213"}],"wp:term":[{"taxonomy":"category","embeddable":true,"href":"https:\/\/www.lamapoll.de\/blog\/wp-json\/wp\/v2\/categories?post=13213"},{"taxonomy":"post_tag","embeddable":true,"href":"https:\/\/www.lamapoll.de\/blog\/wp-json\/wp\/v2\/tags?post=13213"}],"curies":[{"name":"wp","href":"https:\/\/api.w.org\/{rel}","templated":true}]}}