{"id":11389,"date":"2024-09-03T15:30:00","date_gmt":"2024-09-03T13:30:00","guid":{"rendered":"https:\/\/www.lamapoll.de\/blog\/?p=11389"},"modified":"2024-09-05T18:28:13","modified_gmt":"2024-09-05T16:28:13","slug":"spende-des-monats-an-kita-und-bjoern-schulz-stiftung","status":"publish","type":"post","link":"https:\/\/www.lamapoll.de\/blog\/spende-des-monats-an-kita-und-bjoern-schulz-stiftung\/","title":{"rendered":"Spende des Monats geht an Kita-Projekt und Bj\u00f6rn Schulz Stiftung"},"content":{"rendered":"\n<p>Unsere <a href=\"https:\/\/www.lamapoll.de\/blog\/category\/spende-des-monats\/\">Spende des Monats<\/a> kommt im September gleich zwei Berliner Einrichtungen zugute: 500 \u20ac gehen an die <a href=\"https:\/\/www.casabambini-berlin.de\/unsere-kitas\/jacoby-schwalbe-mitte\" target=\"_blank\" rel=\"noreferrer noopener\">Kita Jacoby-Schwalbe<\/a> im Alexanderplatzviertel in Mitte. Die Spende dient als Unterst\u00fctzung f\u00fcr ein geplantes Gartenprojekt mit Obststr\u00e4uchern und Weiden. Weitere 500 \u20ac kommen der <a href=\"https:\/\/bjoern-schulz-stiftung.de\/\" target=\"_blank\" rel=\"noreferrer noopener\">Bj\u00f6rn Schulz Stiftung<\/a> zugute, die Familien in Berlin mit ambulanten Diensten und dem station\u00e4ren Sonnenhof zur Seite steht, einem Hospiz f\u00fcr Kinder, Jugendliche und junge Erwachsene. <br>Die 10. Spende dieses Jahres durfte unsere Accounting-Managerin Doreen vergeben. Warum Sie sich f\u00fcr die zwei Spendenempf\u00e4nger entschieden hat und weshalb Sie die Spende gesplittet hat, erl\u00e4utert sie in diesem Blog-Beitrag:<\/p>\n\n\n\n<p><strong>Wohin geht deine Spende des Monats?<\/strong><\/p>\n\n\n\n<p>Eine H\u00e4lfte geht an die &#8222;Kita Jacoby-Schwalbe&#8220; und die andere H\u00e4lfte an den Sonnenhof der Bj\u00f6rn Schulz Stiftung.<\/p>\n\n\n\n<p><strong>Warum hast du die Kita als Spendenempf\u00e4nger ausgesucht?<\/strong><\/p>\n\n\n\n<p>Die Kita meines Sohnes hat ein wundervolles Gartenprojekt mit Obststr\u00e4uchern und Weiden geplant, welches ich sehr gerne unterst\u00fctzen m\u00f6chte.<\/p>\n\n\n\n<p><strong>Und weshalb geht der andere Teil der Spende an die Bj\u00f6rn Schulz Stiftung?<\/strong><\/p>\n\n\n\n<p>Ich f\u00fchle mich pers\u00f6nlich ber\u00fchrt von den Schicksalen der betroffenen Kinder und Familien. Die Spende ist f\u00fcr mich eine M\u00f6glichkeit, Mitgef\u00fchl und Solidarit\u00e4t auszudr\u00fccken und einen Beitrag zu einer menschlicheren und f\u00fcrsorglicheren Gesellschaft zu leisten.<\/p>\n\n\n\n<p><strong>Warum hast du die Spende gesplittet?<\/strong><\/p>\n\n\n\n<p>Mit der Splittung kann ich gleich mir zwei wichtige Herzensangelegenheiten unterst\u00fctzen.<\/p>\n\n\n\n<p><strong>Warum besch\u00e4ftigen dich die Inhalte des Projekts? Engagierst du dich privat in diesem Bereich?<\/strong><\/p>\n\n\n\n<p>Ich finde es sch\u00f6n, Kindern die Bedeutung und die Nutzung eines Gartens n\u00e4herzubringen, wo geht das sch\u00f6ner und einfacher als gemeinsam mit Freunden in der Kita. Sie lernen verschiedene Obstsorten kennen, lernen wann sie reif sind und geerntet werden k\u00f6nnen und was man mit den Fr\u00fcchten machen kann. Zur Kr\u00f6nung des ganzen Projekts wird um diese Str\u00e4ucher ein Weidengeflecht entstehen, das sich zu einer H\u00f6hle formt, in der sich wunderbar verstecken und spielen l\u00e4sst. <br>F\u00fcr die zweite Spende habe ich bewusst den Sonnenhof gew\u00e4hlt, da mich solche Schicksale sehr ber\u00fchren und ich unbedingt einen &#8211; wenn auch nur kleinen &#8211; Anteil dazu beitragen m\u00f6chte, dass es diesen Kindern und auch Eltern nicht an Unterst\u00fctzung mangelt, sie medizinische Versorgung und auch therapeutische Unterst\u00fctzung bekommen.<\/p>\n\n\n\n<p><strong>Was erhoffst du dir von deiner Spende?<\/strong><\/p>\n\n\n\n<p>Dass die Kinder davon profitieren und ihnen vielleicht ein L\u00e4cheln ins Gesicht zaubert<em>.<\/em><\/p>\n\n\n\n<p><strong>Was gef\u00e4llt dir besonders an der LamaPoll-Aktion \u201eSpende des Monats&#8220;?<\/strong><\/p>\n\n\n\n<p>Das Gef\u00fchl, etwas Gutes und hoffentlich Bewegendes zur Gemeinschaft beigetragen zu haben.<\/p>\n\n\n\n<p><strong>Welche gemeinn\u00fctzigen Vereine\/Organisationen w\u00fcrdest du zus\u00e4tzlich unterst\u00fctzen wollen?<\/strong><\/p>\n\n\n\n<p>Es gibt so viele Organisationen, die es verdient h\u00e4tten, unterst\u00fctzt zu werden. Diese Frage kann ich nicht auf Anhieb beantworten.<\/p>\n","protected":false},"excerpt":{"rendered":"<p>Unsere Spende des Monats kommt im September gleich zwei Berliner Einrichtungen zugute: 500 \u20ac gehen an die Kita Jacoby-Schwalbe im Alexanderplatzviertel in Mitte. Die Spende dient als Unterst\u00fctzung f\u00fcr ein geplantes Gartenprojekt mit Obststr\u00e4uchern und Weiden. Weitere 500 \u20ac kommen der Bj\u00f6rn Schulz Stiftung zugute, die Familien in Berlin mit ambulanten Diensten und dem station\u00e4ren [&hellip;]<\/p>\n","protected":false},"author":1,"featured_media":11638,"comment_status":"open","ping_status":"open","sticky":false,"template":"","format":"standard","meta":{"footnotes":""},"categories":[1,1628],"tags":[1624,1627,1626],"class_list":["post-11389","post","type-post","status-publish","format-standard","has-post-thumbnail","hentry","category-feedbackmanagement","category-spende-des-monats","tag-lamapoll-unternehmensspende","tag-mitarbeiter-spenden-fuer-gute-zwecke","tag-spendenaktion"],"_links":{"self":[{"href":"https:\/\/www.lamapoll.de\/blog\/wp-json\/wp\/v2\/posts\/11389","targetHints":{"allow":["GET"]}}],"collection":[{"href":"https:\/\/www.lamapoll.de\/blog\/wp-json\/wp\/v2\/posts"}],"about":[{"href":"https:\/\/www.lamapoll.de\/blog\/wp-json\/wp\/v2\/types\/post"}],"author":[{"embeddable":true,"href":"https:\/\/www.lamapoll.de\/blog\/wp-json\/wp\/v2\/users\/1"}],"replies":[{"embeddable":true,"href":"https:\/\/www.lamapoll.de\/blog\/wp-json\/wp\/v2\/comments?post=11389"}],"version-history":[{"count":41,"href":"https:\/\/www.lamapoll.de\/blog\/wp-json\/wp\/v2\/posts\/11389\/revisions"}],"predecessor-version":[{"id":11956,"href":"https:\/\/www.lamapoll.de\/blog\/wp-json\/wp\/v2\/posts\/11389\/revisions\/11956"}],"wp:featuredmedia":[{"embeddable":true,"href":"https:\/\/www.lamapoll.de\/blog\/wp-json\/wp\/v2\/media\/11638"}],"wp:attachment":[{"href":"https:\/\/www.lamapoll.de\/blog\/wp-json\/wp\/v2\/media?parent=11389"}],"wp:term":[{"taxonomy":"category","embeddable":true,"href":"https:\/\/www.lamapoll.de\/blog\/wp-json\/wp\/v2\/categories?post=11389"},{"taxonomy":"post_tag","embeddable":true,"href":"https:\/\/www.lamapoll.de\/blog\/wp-json\/wp\/v2\/tags?post=11389"}],"curies":[{"name":"wp","href":"https:\/\/api.w.org\/{rel}","templated":true}]}}